{"id":106780,"date":"2023-03-21T12:04:56","date_gmt":"2023-03-21T15:04:56","guid":{"rendered":"https:\/\/tvtecjundiai.com.br\/news\/?p=106780"},"modified":"2023-03-22T09:51:05","modified_gmt":"2023-03-22T12:51:05","slug":"participacao-das-criancas-em-acoes-e-opinioes-e-discutida-em-forum-no-polytheama","status":"publish","type":"post","link":"https:\/\/tvtecjundiai.com.br\/news\/2023\/03\/21\/participacao-das-criancas-em-acoes-e-opinioes-e-discutida-em-forum-no-polytheama\/","title":{"rendered":"Participa\u00e7\u00e3o das crian\u00e7as em a\u00e7\u00f5es e projetos \u00e9 discutida no Polytheama"},"content":{"rendered":"\n<p>As crian\u00e7as do coral da Emeb Mel\u00e2nia Fortarel Barbosa, no Bairro do Poste, soltaram a voz na abertura do F\u00f3rum das Inf\u00e2ncias 1 &#8211; Promover a Participa\u00e7\u00e3o realizado na manh\u00e3 desta ter\u00e7a-feira (21) no Teatro Polytheama. A coordenadora da rede Argentina de Cidades das Crian\u00e7as e o fundador da rede Mundial Cidades das Crian\u00e7as, Francesco Tonucci (Frato) fizeram parte da mesa. <\/p>\n\n\n\n<p>A gestora da Unidade de Gest\u00e3o de Assist\u00eancia e Desenvolvimento Social (UGADS), Maria Brant, abriu os trabalhos mostrando n\u00fameros importantes sobre a situa\u00e7\u00e3o do dia a dia das crian\u00e7as e de suas fam\u00edlias. Do mapeamento da faixa et\u00e1ria dos pequenos aos trabalhos propostos como quest\u00e3o de sa\u00fade e de bem-estar social, o encontro foi importante para mostrar como Jundia\u00ed tem se posicionado diante \u00e0s quest\u00f5es sociais. <\/p>\n\n\n\n<p>&#8220;Temos trabalhado para que todo o conhecimento e desenvolvimento social permanente estejam articulados com outras pol\u00edticas p\u00fablicas de nosso munic\u00edpio e que as mesmas sejam colocadas em pr\u00e1tica. Fomos a campo para conhecer a realidade das crian\u00e7as, como vivem e se divertem e, a partir dai, formatar as a\u00e7\u00f5es para que ela possa aproveitar os espa\u00e7os oferecidos no munic\u00edpio&#8221;, diz Maria Brant.<\/p>\n\n\n\n<figure class=\"wp-block-image size-large\"><img loading=\"lazy\" decoding=\"async\" width=\"1200\" height=\"900\" src=\"https:\/\/tvtecjundiai.com.br\/news\/wp-content\/uploads\/sites\/2\/2023\/03\/teatro3-1200x900.jpeg\" alt=\"\" class=\"wp-image-106803\" srcset=\"https:\/\/tvtecjundiai.com.br\/news\/wp-content\/uploads\/sites\/2\/2023\/03\/teatro3-1200x900.jpeg 1200w, https:\/\/tvtecjundiai.com.br\/news\/wp-content\/uploads\/sites\/2\/2023\/03\/teatro3-300x225.jpeg 300w, https:\/\/tvtecjundiai.com.br\/news\/wp-content\/uploads\/sites\/2\/2023\/03\/teatro3-768x576.jpeg 768w, https:\/\/tvtecjundiai.com.br\/news\/wp-content\/uploads\/sites\/2\/2023\/03\/teatro3.jpeg 1280w\" sizes=\"auto, (max-width: 1200px) 100vw, 1200px\" \/><figcaption class=\"wp-element-caption\">Frato lembrou que \u00e9 preciso dar voz para as crian\u00e7as<\/figcaption><\/figure>\n\n\n\n<p><\/p>\n\n\n\n<p>Os convidados deram exemplos pr\u00e1ticos de como inserir as crian\u00e7as no contexto social. Segundo Frato, infelizmente as crian\u00e7as, por serem pequenas, s\u00e3o consideradas incapazes, imaturas e irrespons\u00e1veis. A legisla\u00e7\u00e3o d\u00e1 a responsabilidade para os adultos, mas \u00e9 preciso limit\u00e1-los. &#8220;Temos que dar autonomia \u00e0s crian\u00e7as escutando-as. Quando criamos os comit\u00eas sempre preferimos que se evitem as elei\u00e7\u00f5es porque \u00e9 fato que ir\u00e3o escolher as mais inteligentes e nem sempre isto \u00e9 bom. Os comit\u00eas devem ser formados por crian\u00e7as pequenas que dar\u00e3o suas pr\u00f3prias perspectivas, por\u00e9m a auto sele\u00e7\u00e3o por parte dos adultos ir\u00e1 escolher as melhores, ou seja, ir\u00e1 escolher as menos crian\u00e7as.&#8221;<\/p>\n\n\n\n<p><strong>Exemplos pr\u00e1ticos<\/strong><\/p>\n\n\n\n<p>Durante seu discurso de participa\u00e7\u00e3o, Lorena deu exemplos de espa\u00e7os criados em alguns pa\u00edses, mas que foram pensados pelas pr\u00f3prias crian\u00e7as, como parques, locais p\u00fablicos ou at\u00e9 em lares de crian\u00e7as.  <\/p>\n\n\n\n<p>J\u00e1 Paula Querido, de Buenos Aires (ARG), apresentou uma din\u00e2mica entre os visitantes para mostrar a import\u00e2ncia de oferecer condi\u00e7\u00f5es para as crian\u00e7as brincarem, em especial na rua. Os convidados deram exemplos de como a inf\u00e2ncia marcou suas vidas. <\/p>\n\n\n\n<p>Os convidados tamb\u00e9m visitaram as depend\u00eancias da Emeb Joaquim Candel\u00e1rio de Freitas, Emeb Professora Br\u00edgida Gatto Rodrigues e Bosque Hermindo Rossi \u2013 Bosquinho do Bonfiglioli. <\/p>\n\n\n\n<figure class=\"wp-block-image size-large\"><img loading=\"lazy\" decoding=\"async\" width=\"1200\" height=\"900\" src=\"https:\/\/tvtecjundiai.com.br\/news\/wp-content\/uploads\/sites\/2\/2023\/03\/teatro2-1200x900.jpeg\" alt=\"\" class=\"wp-image-106816\" srcset=\"https:\/\/tvtecjundiai.com.br\/news\/wp-content\/uploads\/sites\/2\/2023\/03\/teatro2-1200x900.jpeg 1200w, https:\/\/tvtecjundiai.com.br\/news\/wp-content\/uploads\/sites\/2\/2023\/03\/teatro2-300x225.jpeg 300w, https:\/\/tvtecjundiai.com.br\/news\/wp-content\/uploads\/sites\/2\/2023\/03\/teatro2-768x576.jpeg 768w, https:\/\/tvtecjundiai.com.br\/news\/wp-content\/uploads\/sites\/2\/2023\/03\/teatro2.jpeg 1280w\" sizes=\"auto, (max-width: 1200px) 100vw, 1200px\" \/><figcaption class=\"wp-element-caption\">Um p\u00fablico diversificado participou do evento no Polytheama<\/figcaption><\/figure>\n\n\n\n<p><\/p>\n\n\n\n<p><strong>Servi\u00e7o<\/strong><\/p>\n\n\n\n<p>A programa\u00e7\u00e3o completa do evento pode ser conferido no site oficial&nbsp;<a href=\"https:\/\/cidadedascriancas.jundiai.sp.gov.br\/encontro-brasileiro-cidades-das-criancas-e-forum-internacional-das-infancias\/\">https:\/\/cidadedascriancas.jundiai.sp.gov.br\/encontro-brasileiro-cidades-das-criancas-e-forum-internacional-das-infancias\/<\/a><\/p>\n\n\n\n<p><strong><em>(Fonte\/Imagens: TVTEC Jundia\u00ed)<\/em><\/strong><\/p>\n\n\n\n<p><\/p>\n","protected":false},"excerpt":{"rendered":"<p>Din\u00e2mica sobre a inf\u00e2ncia foi apresentada durante encontro com especialistas<\/p>\n","protected":false},"author":30,"featured_media":106798,"comment_status":"closed","ping_status":"0","sticky":false,"template":"","format":"standard","meta":{"footnotes":""},"categories":[2834,29,1],"tags":[],"class_list":["post-106780","post","type-post","status-publish","format-standard","has-post-thumbnail","hentry","category-cidades","category-destaque","category-noticias"],"_links":{"self":[{"href":"https:\/\/tvtecjundiai.com.br\/news\/wp-json\/wp\/v2\/posts\/106780","targetHints":{"allow":["GET"]}}],"collection":[{"href":"https:\/\/tvtecjundiai.com.br\/news\/wp-json\/wp\/v2\/posts"}],"about":[{"href":"https:\/\/tvtecjundiai.com.br\/news\/wp-json\/wp\/v2\/types\/post"}],"author":[{"embeddable":true,"href":"https:\/\/tvtecjundiai.com.br\/news\/wp-json\/wp\/v2\/users\/30"}],"replies":[{"embeddable":true,"href":"https:\/\/tvtecjundiai.com.br\/news\/wp-json\/wp\/v2\/comments?post=106780"}],"version-history":[{"count":7,"href":"https:\/\/tvtecjundiai.com.br\/news\/wp-json\/wp\/v2\/posts\/106780\/revisions"}],"predecessor-version":[{"id":106871,"href":"https:\/\/tvtecjundiai.com.br\/news\/wp-json\/wp\/v2\/posts\/106780\/revisions\/106871"}],"wp:featuredmedia":[{"embeddable":true,"href":"https:\/\/tvtecjundiai.com.br\/news\/wp-json\/wp\/v2\/media\/106798"}],"wp:attachment":[{"href":"https:\/\/tvtecjundiai.com.br\/news\/wp-json\/wp\/v2\/media?parent=106780"}],"wp:term":[{"taxonomy":"category","embeddable":true,"href":"https:\/\/tvtecjundiai.com.br\/news\/wp-json\/wp\/v2\/categories?post=106780"},{"taxonomy":"post_tag","embeddable":true,"href":"https:\/\/tvtecjundiai.com.br\/news\/wp-json\/wp\/v2\/tags?post=106780"}],"curies":[{"name":"wp","href":"https:\/\/api.w.org\/{rel}","templated":true}]}}