{"id":106806,"date":"2023-03-21T11:47:36","date_gmt":"2023-03-21T14:47:36","guid":{"rendered":"https:\/\/tvtecjundiai.com.br\/news\/?p=106806"},"modified":"2023-03-21T11:48:23","modified_gmt":"2023-03-21T14:48:23","slug":"trabalhos-em-prol-do-cead-sao-expostos-no-espaco-maxi-comunidade","status":"publish","type":"post","link":"https:\/\/tvtecjundiai.com.br\/news\/2023\/03\/21\/trabalhos-em-prol-do-cead-sao-expostos-no-espaco-maxi-comunidade\/","title":{"rendered":"Trabalhos em prol do CEAD s\u00e3o expostos no Espa\u00e7o Maxi Comunidade"},"content":{"rendered":"\n<p>O Espa\u00e7o Maxi Comunidade, especialmente idealizado para expor e comercializar trabalhos de institui\u00e7\u00f5es de Jundia\u00ed, contar\u00e1 com a exposi\u00e7\u00e3o e venda de artesanatos em prol do Centro Especializado no Tratamento de Depend\u00eancias em \u00c1lcool e Drogas (CEAD), at\u00e9 o dia 31 de mar\u00e7o.<\/p>\n\n\n\n<p>No local, estar\u00e3o expostos artesanatos elaborados com t\u00e9cnicas variadas, confeccionados por M\u00e1rcia Mosaicos, respons\u00e1vel pela exposi\u00e7\u00e3o e venda dos produtos, al\u00e9m de pe\u00e7as confeccionadas pelos usu\u00e1rios da Oficina de Gera\u00e7\u00e3o de Renda, desenvolvida dentro do CEAD.&nbsp;Visitantes encontrar\u00e3o mandalas espelhadas, mosaicos, vasos, bonecas em tecido, costura criativa, pintura em tecido, brincadeiras pedag\u00f3gicas em feltro e muito mais, com valores a partir de R$ 10. Essa \u00e9 uma boa oportunidade para prestigiar e ajudar os projetos desenvolvidos pela institui\u00e7\u00e3o.<\/p>\n\n\n\n<figure class=\"wp-block-gallery aligncenter has-nested-images columns-default is-cropped wp-block-gallery-1 is-layout-flex wp-block-gallery-is-layout-flex\">\n<figure class=\"wp-block-image size-large\"><img loading=\"lazy\" decoding=\"async\" width=\"900\" height=\"900\" data-id=\"106807\" src=\"https:\/\/tvtecjundiai.com.br\/news\/wp-content\/uploads\/sites\/2\/2023\/03\/Maxi-Comunidade-CEAD-marco-2023-1.jpg\" alt=\"\" class=\"wp-image-106807\" srcset=\"https:\/\/tvtecjundiai.com.br\/news\/wp-content\/uploads\/sites\/2\/2023\/03\/Maxi-Comunidade-CEAD-marco-2023-1.jpg 900w, https:\/\/tvtecjundiai.com.br\/news\/wp-content\/uploads\/sites\/2\/2023\/03\/Maxi-Comunidade-CEAD-marco-2023-1-300x300.jpg 300w, https:\/\/tvtecjundiai.com.br\/news\/wp-content\/uploads\/sites\/2\/2023\/03\/Maxi-Comunidade-CEAD-marco-2023-1-100x100.jpg 100w, https:\/\/tvtecjundiai.com.br\/news\/wp-content\/uploads\/sites\/2\/2023\/03\/Maxi-Comunidade-CEAD-marco-2023-1-768x768.jpg 768w\" sizes=\"auto, (max-width: 900px) 100vw, 900px\" \/><\/figure>\n\n\n\n<figure class=\"wp-block-image size-large\"><img loading=\"lazy\" decoding=\"async\" width=\"960\" height=\"960\" data-id=\"106808\" src=\"https:\/\/tvtecjundiai.com.br\/news\/wp-content\/uploads\/sites\/2\/2023\/03\/Maxi-Comunidade-CEAD-marco-2023-4-960x960.jpg\" alt=\"\" class=\"wp-image-106808\" srcset=\"https:\/\/tvtecjundiai.com.br\/news\/wp-content\/uploads\/sites\/2\/2023\/03\/Maxi-Comunidade-CEAD-marco-2023-4-960x960.jpg 960w, https:\/\/tvtecjundiai.com.br\/news\/wp-content\/uploads\/sites\/2\/2023\/03\/Maxi-Comunidade-CEAD-marco-2023-4-300x300.jpg 300w, https:\/\/tvtecjundiai.com.br\/news\/wp-content\/uploads\/sites\/2\/2023\/03\/Maxi-Comunidade-CEAD-marco-2023-4-100x100.jpg 100w, https:\/\/tvtecjundiai.com.br\/news\/wp-content\/uploads\/sites\/2\/2023\/03\/Maxi-Comunidade-CEAD-marco-2023-4-768x768.jpg 768w, https:\/\/tvtecjundiai.com.br\/news\/wp-content\/uploads\/sites\/2\/2023\/03\/Maxi-Comunidade-CEAD-marco-2023-4.jpg 1280w\" sizes=\"auto, (max-width: 960px) 100vw, 960px\" \/><\/figure>\n<\/figure>\n\n\n\n<p><\/p>\n\n\n\n<p>O CEAD \u00e9 uma associa\u00e7\u00e3o civil, de direito privado, sem fins econ\u00f4micos ou lucrativos, de natureza beneficente e filantr\u00f3pica e de car\u00e1ter de assist\u00eancia social em sentido amplo, criada em janeiro de 1999. Seu objetivo fundamental \u00e9 oferecer \u00e0 comunidade de Jundia\u00ed e regi\u00e3o uma a\u00e7\u00e3o especializada na \u00e1rea de Sa\u00fade Mental, integrando-se \u00e0 rede de recursos j\u00e1 existentes, atingindo pessoas sem condi\u00e7\u00f5es de acesso a tratamento especializado.<\/p>\n\n\n\n<figure class=\"wp-block-gallery has-nested-images columns-default is-cropped wp-block-gallery-2 is-layout-flex wp-block-gallery-is-layout-flex\">\n<figure class=\"wp-block-image size-large\"><img loading=\"lazy\" decoding=\"async\" width=\"900\" height=\"900\" data-id=\"106809\" src=\"https:\/\/tvtecjundiai.com.br\/news\/wp-content\/uploads\/sites\/2\/2023\/03\/Maxi-Comunidade-CEAD-marco-2023-2.jpg\" alt=\"\" class=\"wp-image-106809\" srcset=\"https:\/\/tvtecjundiai.com.br\/news\/wp-content\/uploads\/sites\/2\/2023\/03\/Maxi-Comunidade-CEAD-marco-2023-2.jpg 900w, https:\/\/tvtecjundiai.com.br\/news\/wp-content\/uploads\/sites\/2\/2023\/03\/Maxi-Comunidade-CEAD-marco-2023-2-300x300.jpg 300w, https:\/\/tvtecjundiai.com.br\/news\/wp-content\/uploads\/sites\/2\/2023\/03\/Maxi-Comunidade-CEAD-marco-2023-2-100x100.jpg 100w, https:\/\/tvtecjundiai.com.br\/news\/wp-content\/uploads\/sites\/2\/2023\/03\/Maxi-Comunidade-CEAD-marco-2023-2-768x768.jpg 768w\" sizes=\"auto, (max-width: 900px) 100vw, 900px\" \/><\/figure>\n\n\n\n<figure class=\"wp-block-image size-large\"><img loading=\"lazy\" decoding=\"async\" width=\"900\" height=\"900\" data-id=\"106810\" src=\"https:\/\/tvtecjundiai.com.br\/news\/wp-content\/uploads\/sites\/2\/2023\/03\/Maxi-Comunidade-CEAD-marco-2023-3.jpg\" alt=\"\" class=\"wp-image-106810\" srcset=\"https:\/\/tvtecjundiai.com.br\/news\/wp-content\/uploads\/sites\/2\/2023\/03\/Maxi-Comunidade-CEAD-marco-2023-3.jpg 900w, https:\/\/tvtecjundiai.com.br\/news\/wp-content\/uploads\/sites\/2\/2023\/03\/Maxi-Comunidade-CEAD-marco-2023-3-300x300.jpg 300w, https:\/\/tvtecjundiai.com.br\/news\/wp-content\/uploads\/sites\/2\/2023\/03\/Maxi-Comunidade-CEAD-marco-2023-3-100x100.jpg 100w, https:\/\/tvtecjundiai.com.br\/news\/wp-content\/uploads\/sites\/2\/2023\/03\/Maxi-Comunidade-CEAD-marco-2023-3-768x768.jpg 768w\" sizes=\"auto, (max-width: 900px) 100vw, 900px\" \/><\/figure>\n<\/figure>\n\n\n\n<p><\/p>\n\n\n\n<p>O CEAD atende mensalmente mais de 400 usu\u00e1rios e seus familiares, contando com mais de 100 funcion\u00e1rios, entre m\u00e9dicos, enfermeiros, psic\u00f3logos, terapeutas ocupacionais, t\u00e9cnicos de enfermagem, assistente social, cuidadores e profissionais de outras \u00e1reas. \u00c9 respons\u00e1vel pelo desenvolvimento das a\u00e7\u00f5es dos seguintes servi\u00e7os: CAPS AD III, Servi\u00e7os de Resid\u00eancia Terap\u00eautica, Unidade de Acolhimento Infanto-juvenil e Adulta, todos 24 horas.<\/p>\n\n\n\n<p>O Espa\u00e7o Maxi Comunidade est\u00e1 localizado no Piso 2 (G3 Leste) do Maxi Shopping Jundia\u00ed, que fica na avenida Ant\u00f4nio Frederico Ozanam, 6000, Vila Rio Branco.<\/p>\n\n\n\n<p><strong><em>(Fonte\/Imagens: SG Assessoria em Comunica\u00e7\u00e3o)<\/em><\/strong><\/p>\n","protected":false},"excerpt":{"rendered":"<p>Itens de artesanato e feitos \u00e0 m\u00e3o ter\u00e3o pre\u00e7os a partir de R$ 10<\/p>\n","protected":false},"author":30,"featured_media":106811,"comment_status":"closed","ping_status":"0","sticky":false,"template":"","format":"standard","meta":{"footnotes":""},"categories":[8356,1],"tags":[],"class_list":["post-106806","post","type-post","status-publish","format-standard","has-post-thumbnail","hentry","category-jundiai","category-noticias"],"_links":{"self":[{"href":"https:\/\/tvtecjundiai.com.br\/news\/wp-json\/wp\/v2\/posts\/106806","targetHints":{"allow":["GET"]}}],"collection":[{"href":"https:\/\/tvtecjundiai.com.br\/news\/wp-json\/wp\/v2\/posts"}],"about":[{"href":"https:\/\/tvtecjundiai.com.br\/news\/wp-json\/wp\/v2\/types\/post"}],"author":[{"embeddable":true,"href":"https:\/\/tvtecjundiai.com.br\/news\/wp-json\/wp\/v2\/users\/30"}],"replies":[{"embeddable":true,"href":"https:\/\/tvtecjundiai.com.br\/news\/wp-json\/wp\/v2\/comments?post=106806"}],"version-history":[{"count":2,"href":"https:\/\/tvtecjundiai.com.br\/news\/wp-json\/wp\/v2\/posts\/106806\/revisions"}],"predecessor-version":[{"id":106814,"href":"https:\/\/tvtecjundiai.com.br\/news\/wp-json\/wp\/v2\/posts\/106806\/revisions\/106814"}],"wp:featuredmedia":[{"embeddable":true,"href":"https:\/\/tvtecjundiai.com.br\/news\/wp-json\/wp\/v2\/media\/106811"}],"wp:attachment":[{"href":"https:\/\/tvtecjundiai.com.br\/news\/wp-json\/wp\/v2\/media?parent=106806"}],"wp:term":[{"taxonomy":"category","embeddable":true,"href":"https:\/\/tvtecjundiai.com.br\/news\/wp-json\/wp\/v2\/categories?post=106806"},{"taxonomy":"post_tag","embeddable":true,"href":"https:\/\/tvtecjundiai.com.br\/news\/wp-json\/wp\/v2\/tags?post=106806"}],"curies":[{"name":"wp","href":"https:\/\/api.w.org\/{rel}","templated":true}]}}