{"id":106815,"date":"2023-03-21T12:38:52","date_gmt":"2023-03-21T15:38:52","guid":{"rendered":"https:\/\/tvtecjundiai.com.br\/news\/?p=106815"},"modified":"2023-03-21T12:38:53","modified_gmt":"2023-03-21T15:38:53","slug":"estado-de-sp-amplia-vacinacao-com-dose-bivalente-para-todo-publico-prioritario","status":"publish","type":"post","link":"https:\/\/tvtecjundiai.com.br\/news\/2023\/03\/21\/estado-de-sp-amplia-vacinacao-com-dose-bivalente-para-todo-publico-prioritario\/","title":{"rendered":"Estado de SP amplia vacina\u00e7\u00e3o com dose bivalente para todo p\u00fablico priorit\u00e1rio"},"content":{"rendered":"\n<p>A Secretaria de Estado da Sa\u00fade (SES), diante de nova nota t\u00e9cnica do Minist\u00e9rio da Sa\u00fade (MS), amplia a vacina\u00e7\u00e3o com bivalente para todo p\u00fablico eleg\u00edvel de acordo com o calend\u00e1rio vacinal, a partir desta ter\u00e7a-feira (21).<\/p>\n\n\n\n<p>O p\u00fablico total \u00e9 de cerca de 11,9 milh\u00f5es de pessoas. Desta forma, o estado de S\u00e3o Paulo aguarda a chegada de novas doses. Alguns munic\u00edpios, que possuem o estoque necess\u00e1rio, j\u00e1 podem iniciar a amplia\u00e7\u00e3o.<\/p>\n\n\n<div class=\"wp-block-image\">\n<figure class=\"aligncenter size-large is-resized\"><img loading=\"lazy\" decoding=\"async\" src=\"https:\/\/tvtecjundiai.com.br\/news\/wp-content\/uploads\/sites\/2\/2023\/03\/51967360519_3a923f1ecd_k-1200x801.jpg\" alt=\"\" class=\"wp-image-106821\" width=\"755\" height=\"503\" srcset=\"https:\/\/tvtecjundiai.com.br\/news\/wp-content\/uploads\/sites\/2\/2023\/03\/51967360519_3a923f1ecd_k-1200x801.jpg 1200w, https:\/\/tvtecjundiai.com.br\/news\/wp-content\/uploads\/sites\/2\/2023\/03\/51967360519_3a923f1ecd_k-300x200.jpg 300w, https:\/\/tvtecjundiai.com.br\/news\/wp-content\/uploads\/sites\/2\/2023\/03\/51967360519_3a923f1ecd_k-768x512.jpg 768w, https:\/\/tvtecjundiai.com.br\/news\/wp-content\/uploads\/sites\/2\/2023\/03\/51967360519_3a923f1ecd_k.jpg 1280w\" sizes=\"auto, (max-width: 755px) 100vw, 755px\" \/><figcaption class=\"wp-element-caption\">Foto: Prefeitura de Jundia\u00ed<\/figcaption><\/figure>\n<\/div>\n\n\n<p><\/p>\n\n\n\n<p>Podem receber a vacina:<\/p>\n\n\n\n<ul class=\"wp-block-list\">\n<li>Idosos de 60 anos ou mais de idade;<\/li>\n\n\n\n<li>Pessoas vivendo em institui\u00e7\u00f5es de longa perman\u00eancia a partir de 12 anos e seus trabalhadores;<\/li>\n\n\n\n<li>Pessoas imunocomprometidas a partir de 12 anos de idade;<\/li>\n\n\n\n<li>Ind\u00edgenas, ribeirinhos e quilombolas (a partir de 12 anos de idade);<\/li>\n\n\n\n<li>Gestantes e pu\u00e9rperas;<\/li>\n\n\n\n<li>Trabalhadores da sa\u00fade;<\/li>\n\n\n\n<li>Pessoas com defici\u00eancia permanente (a partir de 12 anos de idade);<\/li>\n\n\n\n<li>Popula\u00e7\u00e3o privada de liberdade e adolescentes em medidas socioeducativas;<\/li>\n\n\n\n<li>Funcion\u00e1rios do sistema de priva\u00e7\u00e3o de liberdade.<\/li>\n<\/ul>\n\n\n\n<p>\u201cO gestor municipal, a depender do seu estoque de doses, deve avaliar a viabilidade da aplica\u00e7\u00e3o da vacina Pfizer Bivalente para os grupos priorit\u00e1rios\u201d, disse Tatiana Lang D\u2019Agostini, diretora do Centro de Vigil\u00e2ncia Epidemiol\u00f3gica (CVE) do Estado de SP.<\/p>\n\n\n\n<p>At\u00e9 a manh\u00e3 desta segunda-feira (20), mais de 1,8 milh\u00e3o de doses de Bivalente j\u00e1 foram aplicadas em todo o estado. Os dados podem ser acompanhados diariamente pelo site:\u00a0<a href=\"https:\/\/vacinaja.sp.gov.br\/vacinometro\/\">https:\/\/vacinaja.sp.gov.br\/vacinometro\/<\/a>.<\/p>\n\n\n\n<p><em><strong>(Fonte: Governo do Estado de S\u00e3o Paulo\/Imagem: Prefeitura de Jundia\u00ed)<\/strong><\/em><\/p>\n","protected":false},"excerpt":{"rendered":"<p>O p\u00fablico total \u00e9 de cerca de 11,9 milh\u00f5es de pessoas<\/p>\n","protected":false},"author":30,"featured_media":106821,"comment_status":"closed","ping_status":"0","sticky":false,"template":"","format":"standard","meta":{"footnotes":""},"categories":[8356,1,2839,8355],"tags":[],"class_list":["post-106815","post","type-post","status-publish","format-standard","has-post-thumbnail","hentry","category-jundiai","category-noticias","category-saude","category-saude-3"],"_links":{"self":[{"href":"https:\/\/tvtecjundiai.com.br\/news\/wp-json\/wp\/v2\/posts\/106815","targetHints":{"allow":["GET"]}}],"collection":[{"href":"https:\/\/tvtecjundiai.com.br\/news\/wp-json\/wp\/v2\/posts"}],"about":[{"href":"https:\/\/tvtecjundiai.com.br\/news\/wp-json\/wp\/v2\/types\/post"}],"author":[{"embeddable":true,"href":"https:\/\/tvtecjundiai.com.br\/news\/wp-json\/wp\/v2\/users\/30"}],"replies":[{"embeddable":true,"href":"https:\/\/tvtecjundiai.com.br\/news\/wp-json\/wp\/v2\/comments?post=106815"}],"version-history":[{"count":1,"href":"https:\/\/tvtecjundiai.com.br\/news\/wp-json\/wp\/v2\/posts\/106815\/revisions"}],"predecessor-version":[{"id":106822,"href":"https:\/\/tvtecjundiai.com.br\/news\/wp-json\/wp\/v2\/posts\/106815\/revisions\/106822"}],"wp:featuredmedia":[{"embeddable":true,"href":"https:\/\/tvtecjundiai.com.br\/news\/wp-json\/wp\/v2\/media\/106821"}],"wp:attachment":[{"href":"https:\/\/tvtecjundiai.com.br\/news\/wp-json\/wp\/v2\/media?parent=106815"}],"wp:term":[{"taxonomy":"category","embeddable":true,"href":"https:\/\/tvtecjundiai.com.br\/news\/wp-json\/wp\/v2\/categories?post=106815"},{"taxonomy":"post_tag","embeddable":true,"href":"https:\/\/tvtecjundiai.com.br\/news\/wp-json\/wp\/v2\/tags?post=106815"}],"curies":[{"name":"wp","href":"https:\/\/api.w.org\/{rel}","templated":true}]}}