{"id":106823,"date":"2023-03-21T14:19:46","date_gmt":"2023-03-21T17:19:46","guid":{"rendered":"https:\/\/tvtecjundiai.com.br\/news\/?p=106823"},"modified":"2023-03-21T14:19:47","modified_gmt":"2023-03-21T17:19:47","slug":"apae-de-jundiai-anuncia-centro-de-atendimento-a-sindrome-de-down","status":"publish","type":"post","link":"https:\/\/tvtecjundiai.com.br\/news\/2023\/03\/21\/apae-de-jundiai-anuncia-centro-de-atendimento-a-sindrome-de-down\/","title":{"rendered":"APAE de Jundia\u00ed anuncia Centro de Atendimento \u00e0 S\u00edndrome de Down"},"content":{"rendered":"\n<p>Em an\u00fancio realizado nesta ter\u00e7a-feira (21), Dia Mundial da S\u00edndrome de Down, o presidente da APAE de Jundia\u00ed, Edison Gon\u00e7alves, comunicou que a institui\u00e7\u00e3o agora tamb\u00e9m \u00e9 um Centro de Atendimento \u00e0 S\u00edndrome de Down. Al\u00e9m dos atuais atendimentos \u00e0 pessoas com Defici\u00eancia Intelectual (D.I.) e Transtorno do Espectro Autista (TEA) associado a Defici\u00eancia Intelectual, a APAE passa a atender crian\u00e7as, adolescentes e adultos com S\u00edndrome de Down.<\/p>\n\n\n\n<p>A data foi escolhida para o comunicado por ser o Dia Mundial da S\u00edndrome de Down, para conscientizar a popula\u00e7\u00e3o sobre a inclus\u00e3o das pessoas com Down e a import\u00e2ncia da luta por direitos igualit\u00e1rios. O conv\u00eanio com a Prefeitura de Jundia\u00ed e a Unidade de Gest\u00e3o e Promo\u00e7\u00e3o da Sa\u00fade foi assinado no dia 1 de mar\u00e7o.<\/p>\n\n\n\n<p>\u201cJ\u00e1 oferec\u00edamos atendimento \u00e0 pessoas com S\u00edndrome de Down, mas agora somos reconhecidos com um centro de atendimento completo\u201d, destacou o presidente. <\/p>\n\n\n<div class=\"wp-block-image\">\n<figure class=\"aligncenter size-full\"><img loading=\"lazy\" decoding=\"async\" width=\"707\" height=\"470\" src=\"https:\/\/tvtecjundiai.com.br\/news\/wp-content\/uploads\/sites\/2\/2023\/03\/apaeeee-jundiai.jpg\" alt=\"\" class=\"wp-image-106824\" srcset=\"https:\/\/tvtecjundiai.com.br\/news\/wp-content\/uploads\/sites\/2\/2023\/03\/apaeeee-jundiai.jpg 707w, https:\/\/tvtecjundiai.com.br\/news\/wp-content\/uploads\/sites\/2\/2023\/03\/apaeeee-jundiai-300x199.jpg 300w\" sizes=\"auto, (max-width: 707px) 100vw, 707px\" \/><figcaption class=\"wp-element-caption\">Foto: APAE-BM<\/figcaption><\/figure>\n<\/div>\n\n\n<p><\/p>\n\n\n\n<p>O Centro de Atendimento conta com programas de Estimula\u00e7\u00e3o Essencial para crian\u00e7as de zero a cinco anos; Atendimento Especializado, de 6 a 17 anos; Apoio \u00e0 Vida Adulta, acima de 18 anos; al\u00e9m dos programas de atendimento \u00e0 fam\u00edlia.<\/p>\n\n\n\n<p>\u201c\u00c9 importante refor\u00e7ar que o processo terap\u00eautico demanda uma parceria efetiva entre a fam\u00edlia e os profissionais envolvidos. Essa parceria traz uma s\u00e9rie de vantagens, principalmente, para a reabilita\u00e7\u00e3o do usu\u00e1rio, uma vez que com o envolvimento a fam\u00edlia, o terapeuta tem melhor compreens\u00e3o da demanda\u201d, ressaltou Gon\u00e7alves.<\/p>\n\n\n\n<p>De acordo com a coordenadora de Sa\u00fade, Camila Mendes, o atendimento envolve as \u00e1reas de Terapia Ocupacional, Fisioterapia, Fonoaudiologia e Psicologia. \u201cEstamos ofertando atendimento desde beb\u00eas at\u00e9 adultos com S\u00edndrome de Down, com uma abordagem terap\u00eautica segundo as diretrizes de aten\u00e7\u00e3o \u00e0 pessoa com S\u00edndrome de Down ,do Minist\u00e9rio da Sa\u00fade\u201d, esclareceu.<\/p>\n\n\n\n<p>Camila explicou ainda que o atendimento \u00e0 fam\u00edlia vai envolver as \u00e1reas de Servi\u00e7o Social, Psicologia e Grupo de Apoio aos Pais. \u201cO grupo de pais ser\u00e1 coordenado pela psic\u00f3loga e outros profissionais da equipe, uma oportunidade para troca de informa\u00e7\u00f5es e conhecimentos sobre temas centrais referentes \u00e0 educa\u00e7\u00e3o dos filhos\u201d, destacou.<\/p>\n\n\n\n<p><strong>Quando ocorre a S\u00edndrome de Down?<\/strong><\/p>\n\n\n\n<p>Todas as c\u00e9lulas humanas t\u00eam um n\u00facleo onde o material gen\u00e9tico \u00e9 armazenado, em genes. Os genes carregam os c\u00f3digos respons\u00e1veis pelos tra\u00e7os que ser\u00e3o herdados dos pais e se agrupam em estruturas chamadas cromossomos. Normalmente, cada c\u00e9lula tem 23 pares de cromossomos, sendo a metade de cada uma herdada de um dos pais. A S\u00edndrome de Down ocorre quando, ainda no \u00fatero da m\u00e3e, a divis\u00e3o celular do embri\u00e3o falha e resulta na exist\u00eancia de tr\u00eas cromossomos na posi\u00e7\u00e3o 21.<\/p>\n\n\n\n<p>Ao contr\u00e1rio do que muitas pessoas acreditam, a S\u00edndrome de Down n\u00e3o \u00e9 uma doen\u00e7a, mas sim, uma muta\u00e7\u00e3o do material gen\u00e9tico. E, de acordo com a coordenadora de Sa\u00fade da APAE, Camila Mendes, \u00e9 importante que o atendimento \u00e0 crian\u00e7a com S\u00edndrome de Down tenha in\u00edcio nas primeiras fases do seu desenvolvimento. \u201cO quanto antes iniciar o atendimento, melhor. A parceria com a fam\u00edlia no processo terap\u00eautico pode contribuir significativamente no desenvolvimento da crian\u00e7a e na sua qualidade de vida\u201d, completou.<\/p>\n\n\n\n<p><em><strong>(Fonte: APAE Jundia\u00ed\/Imagem: APAE-BM)<\/strong><\/em><\/p>\n","protected":false},"excerpt":{"rendered":"<p>Institui\u00e7\u00e3o passa a atender crian\u00e7as, adolescentes e adultos com Down<\/p>\n","protected":false},"author":30,"featured_media":106824,"comment_status":"closed","ping_status":"0","sticky":false,"template":"","format":"standard","meta":{"footnotes":""},"categories":[8356,1],"tags":[],"class_list":["post-106823","post","type-post","status-publish","format-standard","has-post-thumbnail","hentry","category-jundiai","category-noticias"],"_links":{"self":[{"href":"https:\/\/tvtecjundiai.com.br\/news\/wp-json\/wp\/v2\/posts\/106823","targetHints":{"allow":["GET"]}}],"collection":[{"href":"https:\/\/tvtecjundiai.com.br\/news\/wp-json\/wp\/v2\/posts"}],"about":[{"href":"https:\/\/tvtecjundiai.com.br\/news\/wp-json\/wp\/v2\/types\/post"}],"author":[{"embeddable":true,"href":"https:\/\/tvtecjundiai.com.br\/news\/wp-json\/wp\/v2\/users\/30"}],"replies":[{"embeddable":true,"href":"https:\/\/tvtecjundiai.com.br\/news\/wp-json\/wp\/v2\/comments?post=106823"}],"version-history":[{"count":1,"href":"https:\/\/tvtecjundiai.com.br\/news\/wp-json\/wp\/v2\/posts\/106823\/revisions"}],"predecessor-version":[{"id":106825,"href":"https:\/\/tvtecjundiai.com.br\/news\/wp-json\/wp\/v2\/posts\/106823\/revisions\/106825"}],"wp:featuredmedia":[{"embeddable":true,"href":"https:\/\/tvtecjundiai.com.br\/news\/wp-json\/wp\/v2\/media\/106824"}],"wp:attachment":[{"href":"https:\/\/tvtecjundiai.com.br\/news\/wp-json\/wp\/v2\/media?parent=106823"}],"wp:term":[{"taxonomy":"category","embeddable":true,"href":"https:\/\/tvtecjundiai.com.br\/news\/wp-json\/wp\/v2\/categories?post=106823"},{"taxonomy":"post_tag","embeddable":true,"href":"https:\/\/tvtecjundiai.com.br\/news\/wp-json\/wp\/v2\/tags?post=106823"}],"curies":[{"name":"wp","href":"https:\/\/api.w.org\/{rel}","templated":true}]}}