{"id":106826,"date":"2023-03-21T14:45:36","date_gmt":"2023-03-21T17:45:36","guid":{"rendered":"https:\/\/tvtecjundiai.com.br\/news\/?p=106826"},"modified":"2023-03-21T14:45:39","modified_gmt":"2023-03-21T17:45:39","slug":"bazar-do-grendacc-de-moda-feminina-e-plus-size-vai-ate-sabado-25","status":"publish","type":"post","link":"https:\/\/tvtecjundiai.com.br\/news\/2023\/03\/21\/bazar-do-grendacc-de-moda-feminina-e-plus-size-vai-ate-sabado-25\/","title":{"rendered":"Bazar do Grendacc de moda feminina e plus size vai at\u00e9 s\u00e1bado (25)"},"content":{"rendered":"\n<p>O Espa\u00e7o Bazar de Marcas do Grendacc recebe o Mega Bazar Solid\u00e1rio das lojas Sacola Pr\u00e1tica e VDZ Fashion Plus, de 21 a 24 de mar\u00e7o, das 9h \u00e0s 17h, e no s\u00e1bado (25), das 9h \u00e0s 13h.<\/p>\n\n\n\n<p>O bazar ter\u00e1 roupas de grandes marcas novas e seminovas, sapatos, bolsas, acess\u00f3rios e pe\u00e7as plus size. <\/p>\n\n\n\n<p>As lojas v\u00e3o destinar 12% do total arrecadado para o Hospital da Crian\u00e7a do Grendacc.<\/p>\n\n\n\n<p>O bazar fica na rua Ol\u00edvio Boa, esquina com a av. dr. Manoel Ildefonso Archer de Castilho, no Parque da Represa, e funcionar\u00e1 das 10h \u00e0s 18h.<\/p>\n\n\n<div class=\"wp-block-image\">\n<figure class=\"aligncenter size-full is-resized\"><img loading=\"lazy\" decoding=\"async\" src=\"https:\/\/tvtecjundiai.com.br\/news\/wp-content\/uploads\/sites\/2\/2022\/11\/Bazar-Grendacc-1024x682-1.jpg\" alt=\"\" class=\"wp-image-100965\" width=\"664\" height=\"442\" srcset=\"https:\/\/tvtecjundiai.com.br\/news\/wp-content\/uploads\/sites\/2\/2022\/11\/Bazar-Grendacc-1024x682-1.jpg 1024w, https:\/\/tvtecjundiai.com.br\/news\/wp-content\/uploads\/sites\/2\/2022\/11\/Bazar-Grendacc-1024x682-1-300x200.jpg 300w, https:\/\/tvtecjundiai.com.br\/news\/wp-content\/uploads\/sites\/2\/2022\/11\/Bazar-Grendacc-1024x682-1-768x512.jpg 768w\" sizes=\"auto, (max-width: 664px) 100vw, 664px\" \/><\/figure>\n<\/div>\n\n\n<p><\/p>\n\n\n\n<p><em><strong>(Fonte: TVTEC Jundia\u00ed\/Imagem: Grendacc Jundia\u00ed)<\/strong><\/em><\/p>\n","protected":false},"excerpt":{"rendered":"<p>Hospital da Crian\u00e7a ficar\u00e1 com 12% do valor arrecadado com as vendas<\/p>\n","protected":false},"author":30,"featured_media":100965,"comment_status":"closed","ping_status":"0","sticky":false,"template":"","format":"standard","meta":{"footnotes":""},"categories":[8356,1],"tags":[],"class_list":["post-106826","post","type-post","status-publish","format-standard","has-post-thumbnail","hentry","category-jundiai","category-noticias"],"_links":{"self":[{"href":"https:\/\/tvtecjundiai.com.br\/news\/wp-json\/wp\/v2\/posts\/106826","targetHints":{"allow":["GET"]}}],"collection":[{"href":"https:\/\/tvtecjundiai.com.br\/news\/wp-json\/wp\/v2\/posts"}],"about":[{"href":"https:\/\/tvtecjundiai.com.br\/news\/wp-json\/wp\/v2\/types\/post"}],"author":[{"embeddable":true,"href":"https:\/\/tvtecjundiai.com.br\/news\/wp-json\/wp\/v2\/users\/30"}],"replies":[{"embeddable":true,"href":"https:\/\/tvtecjundiai.com.br\/news\/wp-json\/wp\/v2\/comments?post=106826"}],"version-history":[{"count":1,"href":"https:\/\/tvtecjundiai.com.br\/news\/wp-json\/wp\/v2\/posts\/106826\/revisions"}],"predecessor-version":[{"id":106827,"href":"https:\/\/tvtecjundiai.com.br\/news\/wp-json\/wp\/v2\/posts\/106826\/revisions\/106827"}],"wp:featuredmedia":[{"embeddable":true,"href":"https:\/\/tvtecjundiai.com.br\/news\/wp-json\/wp\/v2\/media\/100965"}],"wp:attachment":[{"href":"https:\/\/tvtecjundiai.com.br\/news\/wp-json\/wp\/v2\/media?parent=106826"}],"wp:term":[{"taxonomy":"category","embeddable":true,"href":"https:\/\/tvtecjundiai.com.br\/news\/wp-json\/wp\/v2\/categories?post=106826"},{"taxonomy":"post_tag","embeddable":true,"href":"https:\/\/tvtecjundiai.com.br\/news\/wp-json\/wp\/v2\/tags?post=106826"}],"curies":[{"name":"wp","href":"https:\/\/api.w.org\/{rel}","templated":true}]}}