{"id":106828,"date":"2023-03-21T14:56:22","date_gmt":"2023-03-21T17:56:22","guid":{"rendered":"https:\/\/tvtecjundiai.com.br\/news\/?p=106828"},"modified":"2023-03-21T14:56:23","modified_gmt":"2023-03-21T17:56:23","slug":"hospital-sao-vicente-inicia-campanha-de-arrecadacao-de-bermudas-calcas-e-chinelos","status":"publish","type":"post","link":"https:\/\/tvtecjundiai.com.br\/news\/2023\/03\/21\/hospital-sao-vicente-inicia-campanha-de-arrecadacao-de-bermudas-calcas-e-chinelos\/","title":{"rendered":"Hospital S\u00e3o Vicente inicia campanha de arrecada\u00e7\u00e3o de bermudas, cal\u00e7as e chinelos"},"content":{"rendered":"\n<p>Por meio do departamento de Servi\u00e7o Social, o Hospital de Caridade S\u00e3o Vicente de Paulo (HSV) inicia nesta ter\u00e7a-feira (21) uma campanha de arrecada\u00e7\u00e3o de bermudas, cal\u00e7as e chinelos. Os itens ser\u00e3o destinados aos pacientes em situa\u00e7\u00e3o de vulnerabilidade social internados na institui\u00e7\u00e3o.<\/p>\n\n\n\n<p>As doa\u00e7\u00f5es podem ser entregues no pr\u00f3prio Hospital S\u00e3o Vicente, no acesso pela recep\u00e7\u00e3o de visitantes, localizada na Rua Anchieta, 223, no Centro, das 7h \u00e0s 19h.<\/p>\n\n\n<div class=\"wp-block-image\">\n<figure class=\"aligncenter size-full is-resized\"><img loading=\"lazy\" decoding=\"async\" src=\"https:\/\/tvtecjundiai.com.br\/news\/wp-content\/uploads\/sites\/2\/2023\/03\/hospital-sao-vicente-hsv.jpg\" alt=\"\" class=\"wp-image-106829\" width=\"642\" height=\"428\" srcset=\"https:\/\/tvtecjundiai.com.br\/news\/wp-content\/uploads\/sites\/2\/2023\/03\/hospital-sao-vicente-hsv.jpg 768w, https:\/\/tvtecjundiai.com.br\/news\/wp-content\/uploads\/sites\/2\/2023\/03\/hospital-sao-vicente-hsv-300x200.jpg 300w\" sizes=\"auto, (max-width: 642px) 100vw, 642px\" \/><\/figure>\n<\/div>\n\n\n<p><\/p>\n\n\n\n<p><em><strong>(Fonte: Assessoria Hospital S\u00e3o Vicente\/Imagem: Prefeitura de Jundia\u00ed)<\/strong><\/em><\/p>\n","protected":false},"excerpt":{"rendered":"<p>Os itens ser\u00e3o destinados aos pacientes em situa\u00e7\u00e3o de vulnerabilidade social internados na institui\u00e7\u00e3o<\/p>\n","protected":false},"author":30,"featured_media":106829,"comment_status":"closed","ping_status":"0","sticky":false,"template":"","format":"standard","meta":{"footnotes":""},"categories":[8356,1],"tags":[],"class_list":["post-106828","post","type-post","status-publish","format-standard","has-post-thumbnail","hentry","category-jundiai","category-noticias"],"_links":{"self":[{"href":"https:\/\/tvtecjundiai.com.br\/news\/wp-json\/wp\/v2\/posts\/106828","targetHints":{"allow":["GET"]}}],"collection":[{"href":"https:\/\/tvtecjundiai.com.br\/news\/wp-json\/wp\/v2\/posts"}],"about":[{"href":"https:\/\/tvtecjundiai.com.br\/news\/wp-json\/wp\/v2\/types\/post"}],"author":[{"embeddable":true,"href":"https:\/\/tvtecjundiai.com.br\/news\/wp-json\/wp\/v2\/users\/30"}],"replies":[{"embeddable":true,"href":"https:\/\/tvtecjundiai.com.br\/news\/wp-json\/wp\/v2\/comments?post=106828"}],"version-history":[{"count":1,"href":"https:\/\/tvtecjundiai.com.br\/news\/wp-json\/wp\/v2\/posts\/106828\/revisions"}],"predecessor-version":[{"id":106830,"href":"https:\/\/tvtecjundiai.com.br\/news\/wp-json\/wp\/v2\/posts\/106828\/revisions\/106830"}],"wp:featuredmedia":[{"embeddable":true,"href":"https:\/\/tvtecjundiai.com.br\/news\/wp-json\/wp\/v2\/media\/106829"}],"wp:attachment":[{"href":"https:\/\/tvtecjundiai.com.br\/news\/wp-json\/wp\/v2\/media?parent=106828"}],"wp:term":[{"taxonomy":"category","embeddable":true,"href":"https:\/\/tvtecjundiai.com.br\/news\/wp-json\/wp\/v2\/categories?post=106828"},{"taxonomy":"post_tag","embeddable":true,"href":"https:\/\/tvtecjundiai.com.br\/news\/wp-json\/wp\/v2\/tags?post=106828"}],"curies":[{"name":"wp","href":"https:\/\/api.w.org\/{rel}","templated":true}]}}