{"id":106896,"date":"2023-03-22T13:49:42","date_gmt":"2023-03-22T16:49:42","guid":{"rendered":"https:\/\/tvtecjundiai.com.br\/news\/?p=106896"},"modified":"2023-03-22T15:07:19","modified_gmt":"2023-03-22T18:07:19","slug":"cultura-nos-bairros-chega-ao-cece-benedito-de-lima-no-domingo-26","status":"publish","type":"post","link":"https:\/\/tvtecjundiai.com.br\/news\/2023\/03\/22\/cultura-nos-bairros-chega-ao-cece-benedito-de-lima-no-domingo-26\/","title":{"rendered":"&#8216;Cultura nos Bairros&#8217; chega ao CECE Benedito de Lima no domingo (26)"},"content":{"rendered":"\n<p>Numa parceria das Unidades de Gest\u00e3o de Cultura (UGC) e Esportes e Lazer (UGEL) acontece no domingo (26), das 9h \u00e0s 14h, no CECE Benedito de Lima, no bairro do Retiro, com entrada gratuita, a a\u00e7\u00e3o \u201cCultura nos Bairros\u201d, reunindo atra\u00e7\u00f5es musicais, conta\u00e7\u00e3o de hist\u00f3rias e brincadeiras l\u00fadicas e culturais.<\/p>\n\n\n\n<p>A a\u00e7\u00e3o tem como objetivo levar programa\u00e7\u00e3o cultural a diversas regi\u00f5es da cidade, facilitando o acesso da popula\u00e7\u00e3o e aproximando os artistas jundiaienses do p\u00fablico.<\/p>\n\n\n<div class=\"wp-block-image\">\n<figure class=\"aligncenter size-large is-resized\"><img loading=\"lazy\" decoding=\"async\" src=\"https:\/\/tvtecjundiai.com.br\/news\/wp-content\/uploads\/sites\/2\/2023\/03\/somduoco-1280x853-3-1200x800.jpeg\" alt=\"\" class=\"wp-image-106917\" width=\"735\" height=\"490\" srcset=\"https:\/\/tvtecjundiai.com.br\/news\/wp-content\/uploads\/sites\/2\/2023\/03\/somduoco-1280x853-3-1200x800.jpeg 1200w, https:\/\/tvtecjundiai.com.br\/news\/wp-content\/uploads\/sites\/2\/2023\/03\/somduoco-1280x853-3-300x200.jpeg 300w, https:\/\/tvtecjundiai.com.br\/news\/wp-content\/uploads\/sites\/2\/2023\/03\/somduoco-1280x853-3-768x512.jpeg 768w, https:\/\/tvtecjundiai.com.br\/news\/wp-content\/uploads\/sites\/2\/2023\/03\/somduoco-1280x853-3.jpeg 1280w\" sizes=\"auto, (max-width: 735px) 100vw, 735px\" \/><\/figure>\n<\/div>\n\n\n<p><\/p>\n\n\n\n<p>Para o bairro do Retiro foram programadas as seguintes apresenta\u00e7\u00f5es:<\/p>\n\n\n\n<p>9h \u2013 Brincadeiras l\u00fadicas e culturais com a equipe de recrea\u00e7\u00e3o \u201cFora da Casinha\u201d<\/p>\n\n\n\n<p>9h30 \u2013 Apresenta\u00e7\u00e3o da Cia. Giro no Biombo, com o espet\u00e1culo \u201cUm caldeir\u00e3o de hist\u00f3rias\u201d&nbsp;<\/p>\n\n\n\n<p>11h \u2013 show musical \u2013 \u201cM\u00fasica de Brincar\u201d, com O Somdu\u00f4co<\/p>\n\n\n\n<p>12h30 \u2013 show musical \u2013 \u201cMovimente-se\u201d, com o grupo Cantinho do Joe.<\/p>\n\n\n<div class=\"wp-block-image\">\n<figure class=\"aligncenter size-large is-resized\"><img loading=\"lazy\" decoding=\"async\" src=\"https:\/\/tvtecjundiai.com.br\/news\/wp-content\/uploads\/sites\/2\/2023\/03\/cultura-nos-bairros_cece-francisco-alvaro-63-1200x801.jpg\" alt=\"\" class=\"wp-image-106901\" width=\"676\" height=\"450\" srcset=\"https:\/\/tvtecjundiai.com.br\/news\/wp-content\/uploads\/sites\/2\/2023\/03\/cultura-nos-bairros_cece-francisco-alvaro-63-1200x801.jpg 1200w, https:\/\/tvtecjundiai.com.br\/news\/wp-content\/uploads\/sites\/2\/2023\/03\/cultura-nos-bairros_cece-francisco-alvaro-63-300x200.jpg 300w, https:\/\/tvtecjundiai.com.br\/news\/wp-content\/uploads\/sites\/2\/2023\/03\/cultura-nos-bairros_cece-francisco-alvaro-63-768x512.jpg 768w, https:\/\/tvtecjundiai.com.br\/news\/wp-content\/uploads\/sites\/2\/2023\/03\/cultura-nos-bairros_cece-francisco-alvaro-63.jpg 1280w\" sizes=\"auto, (max-width: 676px) 100vw, 676px\" \/><figcaption class=\"wp-element-caption\">Cultura nos Bairros \u00e9 uma oportunidade para reunir familiares e amigos<\/figcaption><\/figure>\n<\/div>\n\n\n<p><\/p>\n\n\n\n<p>Ainda na programa\u00e7\u00e3o atividades como conta\u00e7\u00e3o de hist\u00f3ria pela equipe de funcion\u00e1rios da Biblioteca P\u00fablica Municipal Prof. Nelson Foot (BNF).<\/p>\n\n\n\n<p>O Centro Esportivo Benedito de Lima est\u00e1 localizado na avenida Osmundo dos Santos Pelegrini, 1.364. Retiro.<\/p>\n\n\n\n<p><em><strong>(Fonte: Prefeitura de Jundia\u00ed\/Imagens: Divulga\u00e7\u00e3o)<\/strong><\/em><\/p>\n","protected":false},"excerpt":{"rendered":"<p>A\u00e7\u00e3o re\u00fane atra\u00e7\u00f5es musicais, conta\u00e7\u00e3o de hist\u00f3rias e brincadeiras l\u00fadicas e culturais<\/p>\n","protected":false},"author":30,"featured_media":106901,"comment_status":"closed","ping_status":"0","sticky":false,"template":"","format":"standard","meta":{"footnotes":""},"categories":[2833,8356,1],"tags":[],"class_list":["post-106896","post","type-post","status-publish","format-standard","has-post-thumbnail","hentry","category-cultura","category-jundiai","category-noticias"],"_links":{"self":[{"href":"https:\/\/tvtecjundiai.com.br\/news\/wp-json\/wp\/v2\/posts\/106896","targetHints":{"allow":["GET"]}}],"collection":[{"href":"https:\/\/tvtecjundiai.com.br\/news\/wp-json\/wp\/v2\/posts"}],"about":[{"href":"https:\/\/tvtecjundiai.com.br\/news\/wp-json\/wp\/v2\/types\/post"}],"author":[{"embeddable":true,"href":"https:\/\/tvtecjundiai.com.br\/news\/wp-json\/wp\/v2\/users\/30"}],"replies":[{"embeddable":true,"href":"https:\/\/tvtecjundiai.com.br\/news\/wp-json\/wp\/v2\/comments?post=106896"}],"version-history":[{"count":4,"href":"https:\/\/tvtecjundiai.com.br\/news\/wp-json\/wp\/v2\/posts\/106896\/revisions"}],"predecessor-version":[{"id":106918,"href":"https:\/\/tvtecjundiai.com.br\/news\/wp-json\/wp\/v2\/posts\/106896\/revisions\/106918"}],"wp:featuredmedia":[{"embeddable":true,"href":"https:\/\/tvtecjundiai.com.br\/news\/wp-json\/wp\/v2\/media\/106901"}],"wp:attachment":[{"href":"https:\/\/tvtecjundiai.com.br\/news\/wp-json\/wp\/v2\/media?parent=106896"}],"wp:term":[{"taxonomy":"category","embeddable":true,"href":"https:\/\/tvtecjundiai.com.br\/news\/wp-json\/wp\/v2\/categories?post=106896"},{"taxonomy":"post_tag","embeddable":true,"href":"https:\/\/tvtecjundiai.com.br\/news\/wp-json\/wp\/v2\/tags?post=106896"}],"curies":[{"name":"wp","href":"https:\/\/api.w.org\/{rel}","templated":true}]}}