{"id":106906,"date":"2023-03-22T14:54:34","date_gmt":"2023-03-22T17:54:34","guid":{"rendered":"https:\/\/tvtecjundiai.com.br\/news\/?p=106906"},"modified":"2023-03-22T14:54:35","modified_gmt":"2023-03-22T17:54:35","slug":"dia-mundial-da-agua-lugar-de-lixo-nao-e-no-ralo","status":"publish","type":"post","link":"https:\/\/tvtecjundiai.com.br\/news\/2023\/03\/22\/dia-mundial-da-agua-lugar-de-lixo-nao-e-no-ralo\/","title":{"rendered":"Dia Mundial da \u00c1gua: lugar de lixo n\u00e3o \u00e9 no ralo"},"content":{"rendered":"\n<p>Com o objetivo de colocar aten\u00e7\u00e3o em discuss\u00f5es sobre&nbsp;a sustentabilidade do recurso natural, o Dia Mundial da \u00c1gua \u00e9 comemorado em 22 de mar\u00e7o. A \u00e1gua \u00e9 necess\u00e1ria e fundamental para a sobreviv\u00eancia dos seres vivos e, por isso, cuidar da sua exist\u00eancia \u00e9 uma responsabilidade compartilhada entre todos.<\/p>\n\n\n\n<p>O descarte incorreto de lixo em ralos, pias e vasos sanit\u00e1rios, por exemplo, pode trazer grandes problemas. \u201cAl\u00e9m de entupir as redes coletoras, esses res\u00edduos chegam \u00e0 Esta\u00e7\u00e3o de Tratamento de Esgoto de Jundia\u00ed (ETEJ), podendo comprometer os equipamentos que realizam o servi\u00e7o, interferindo na prote\u00e7\u00e3o da sa\u00fade p\u00fablica e preserva\u00e7\u00e3o do meio ambiente\u201d, quem explica \u00e9 Ana Paula Fernandes Abrah\u00e3o, Gerente Ambiental, Social e de Governan\u00e7a da Companhia Saneamento de Jundia\u00ed (CSJ), empresa privada respons\u00e1vel por tratar o esgoto da cidade e fiscalizada pela DAE Jundia\u00ed, sendo esta empresa respons\u00e1vel pela gest\u00e3o da rede de esgoto.<\/p>\n\n\n<div class=\"wp-block-image\">\n<figure class=\"aligncenter size-full\"><img loading=\"lazy\" decoding=\"async\" width=\"665\" height=\"436\" src=\"https:\/\/tvtecjundiai.com.br\/news\/wp-content\/uploads\/sites\/2\/2023\/03\/aguaa.jpg\" alt=\"\" class=\"wp-image-106907\" srcset=\"https:\/\/tvtecjundiai.com.br\/news\/wp-content\/uploads\/sites\/2\/2023\/03\/aguaa.jpg 665w, https:\/\/tvtecjundiai.com.br\/news\/wp-content\/uploads\/sites\/2\/2023\/03\/aguaa-300x197.jpg 300w\" sizes=\"auto, (max-width: 665px) 100vw, 665px\" \/><\/figure>\n<\/div>\n\n\n<p><\/p>\n\n\n\n<p>Ana Paula ainda ressalta que descartar produtos inflam\u00e1veis, rem\u00e9dios, tintas, \u00f3leo de cozinha, absorventes e preservativos de forma inadequada ainda s\u00e3o atitudes realizadas constantemente pela popula\u00e7\u00e3o. \u201cAqui na ETEJ recebemos uma grande quantidade desses tipos de res\u00edduos. Nos \u00faltimos 12 meses recebemos quase 85 mil toneladas de lixo, que chegaram at\u00e9 n\u00f3s pela rede de esgoto. Isso afeta diretamente a efici\u00eancia do tratamento e pode acarretar a quebra de equipamentos importantes para a Esta\u00e7\u00e3o, assim como pode ser respons\u00e1vel por entupir galerias e retornar esgoto para as casas das pessoas.\u201d.<\/p>\n\n\n\n<p><strong>H\u00e1bitos que fazem toda diferen\u00e7a na preserva\u00e7\u00e3o da \u00e1gua<\/strong><\/p>\n\n\n\n<ul class=\"wp-block-list\">\n<li>N\u00e3o descartar \u00f3leo de cozinha na pia ou vaso sanit\u00e1rio<\/li>\n\n\n\n<li>N\u00e3o descartar fio dental, cotonetes, cigarros, absorventes, camisinhas e embalagens no vaso sanit\u00e1rio<\/li>\n\n\n\n<li>Tomar cuidado com os cabelos e usar grelhas no ralo e grades nos canos das pias<\/li>\n\n\n\n<li>Comunicar a DAE sobre os lugares em que a rede de esgoto possa estar aberta, com bueiros sem tampa.<\/li>\n<\/ul>\n\n\n\n<p><em><strong>(Fonte: Assessoria MR Comunica\u00e7\u00e3o\/Imagem: Canva)<\/strong><\/em><\/p>\n","protected":false},"excerpt":{"rendered":"<p>Descarte incorreto de lixo prejudica a preserva\u00e7\u00e3o da \u00e1gua, recurso natural indispens\u00e1vel<\/p>\n","protected":false},"author":30,"featured_media":106907,"comment_status":"closed","ping_status":"0","sticky":false,"template":"","format":"standard","meta":{"footnotes":""},"categories":[3569,1],"tags":[],"class_list":["post-106906","post","type-post","status-publish","format-standard","has-post-thumbnail","hentry","category-meio-ambiente","category-noticias"],"_links":{"self":[{"href":"https:\/\/tvtecjundiai.com.br\/news\/wp-json\/wp\/v2\/posts\/106906","targetHints":{"allow":["GET"]}}],"collection":[{"href":"https:\/\/tvtecjundiai.com.br\/news\/wp-json\/wp\/v2\/posts"}],"about":[{"href":"https:\/\/tvtecjundiai.com.br\/news\/wp-json\/wp\/v2\/types\/post"}],"author":[{"embeddable":true,"href":"https:\/\/tvtecjundiai.com.br\/news\/wp-json\/wp\/v2\/users\/30"}],"replies":[{"embeddable":true,"href":"https:\/\/tvtecjundiai.com.br\/news\/wp-json\/wp\/v2\/comments?post=106906"}],"version-history":[{"count":1,"href":"https:\/\/tvtecjundiai.com.br\/news\/wp-json\/wp\/v2\/posts\/106906\/revisions"}],"predecessor-version":[{"id":106908,"href":"https:\/\/tvtecjundiai.com.br\/news\/wp-json\/wp\/v2\/posts\/106906\/revisions\/106908"}],"wp:featuredmedia":[{"embeddable":true,"href":"https:\/\/tvtecjundiai.com.br\/news\/wp-json\/wp\/v2\/media\/106907"}],"wp:attachment":[{"href":"https:\/\/tvtecjundiai.com.br\/news\/wp-json\/wp\/v2\/media?parent=106906"}],"wp:term":[{"taxonomy":"category","embeddable":true,"href":"https:\/\/tvtecjundiai.com.br\/news\/wp-json\/wp\/v2\/categories?post=106906"},{"taxonomy":"post_tag","embeddable":true,"href":"https:\/\/tvtecjundiai.com.br\/news\/wp-json\/wp\/v2\/tags?post=106906"}],"curies":[{"name":"wp","href":"https:\/\/api.w.org\/{rel}","templated":true}]}}