{"id":106928,"date":"2023-03-23T08:53:36","date_gmt":"2023-03-23T11:53:36","guid":{"rendered":"https:\/\/tvtecjundiai.com.br\/news\/?p=106928"},"modified":"2023-03-23T08:53:42","modified_gmt":"2023-03-23T11:53:42","slug":"jundiai-adota-novo-sistema-para-servicos-de-escritura-eletronica","status":"publish","type":"post","link":"https:\/\/tvtecjundiai.com.br\/news\/2023\/03\/23\/jundiai-adota-novo-sistema-para-servicos-de-escritura-eletronica\/","title":{"rendered":"Jundia\u00ed adota novo sistema para servi\u00e7os de escritura eletr\u00f4nica"},"content":{"rendered":"\n<p>Por meio\u00a0do Departamento\u00a0de Fiscaliza\u00e7\u00e3o Tribut\u00e1ria da Unidade de Gest\u00e3o de Governo e Finan\u00e7as\u00a0(UGGF),\u00a0Jundia\u00ed passar\u00e1 a contar com o novo Sistema\u00a0GISS\u00a0On-Line a\u00a0partir de 1 de maio, relativo \u00e0 escritura\u00e7\u00e3o eletr\u00f4nica dos servi\u00e7os prestados e tomados no \u00e2mbito municipal.<\/p>\n\n\n\n<p>O novo servi\u00e7o substitui o antigo sistema para emiss\u00e3o de Nota Fiscal Eletr\u00f4nica para as Pessoas Jur\u00eddicas e aut\u00f4nomos, al\u00e9m de realizar outros servi\u00e7os. Para a apresenta\u00e7\u00e3o das funcionalidades do sistema, que estar\u00e1 integrado ao portal da Prefeitura de Jundia\u00ed, foi realizado encontro t\u00e9cnico no audit\u00f3rio do Centro das Ind\u00fastrias do Estado de S\u00e3o Paulo (Ciesp) de Jundia\u00ed, na manh\u00e3 desta quarta-feira (22).\u00a0<\/p>\n\n\n\n<figure class=\"wp-block-image size-large\"><img loading=\"lazy\" decoding=\"async\" width=\"1200\" height=\"801\" src=\"https:\/\/tvtecjundiai.com.br\/news\/wp-content\/uploads\/sites\/2\/2023\/03\/palestra-ciesp_nota-fiscal_m_-4-1280x854-1-1200x801.jpg\" alt=\"\" class=\"wp-image-106931\" srcset=\"https:\/\/tvtecjundiai.com.br\/news\/wp-content\/uploads\/sites\/2\/2023\/03\/palestra-ciesp_nota-fiscal_m_-4-1280x854-1-1200x801.jpg 1200w, https:\/\/tvtecjundiai.com.br\/news\/wp-content\/uploads\/sites\/2\/2023\/03\/palestra-ciesp_nota-fiscal_m_-4-1280x854-1-300x200.jpg 300w, https:\/\/tvtecjundiai.com.br\/news\/wp-content\/uploads\/sites\/2\/2023\/03\/palestra-ciesp_nota-fiscal_m_-4-1280x854-1-768x512.jpg 768w, https:\/\/tvtecjundiai.com.br\/news\/wp-content\/uploads\/sites\/2\/2023\/03\/palestra-ciesp_nota-fiscal_m_-4-1280x854-1.jpg 1280w\" sizes=\"auto, (max-width: 1200px) 100vw, 1200px\" \/><figcaption class=\"wp-element-caption\">Novo sistema unifica inser\u00e7\u00e3o de dados para os contribuintes<\/figcaption><\/figure>\n\n\n\n<p><\/p>\n\n\n\n<p>De acordo com o diretor de Fiscaliza\u00e7\u00e3o Tribut\u00e1ria da UGGF,\u00a0Antonio Rodrigues Santana Netto, o novo sistema traz novas funcionalidades, projetadas para facilitar a operacionalidade por parte dos usu\u00e1rios. \u201cUma de suas principais novidades \u00e9 a fus\u00e3o dos sistemas GISS e GINFES, o que permitir\u00e1 ao contribuinte emitir notas fiscais apenas com a utiliza\u00e7\u00e3o de uma \u00fanica plataforma, e n\u00e3o mais com a necessidade de ingresso em ambos os sistemas\u201d, detalhou<\/p>\n\n\n\n<p>Na sexta-feira (24), uma nova apresenta\u00e7\u00e3o ser\u00e1 realizada no audit\u00f3rio do Ciesp, \u00e0s 9h, para contadores e empresas convidados. A vers\u00e3o nova e a atual ficar\u00e3o dispon\u00edveis simultaneamente ao longo da compet\u00eancia de abril, ou seja, at\u00e9 o dia 25 de maio.\u00a0A partir de ent\u00e3o, a vers\u00e3o antiga ficar\u00e1 dispon\u00edvel somente para consulta, pelo per\u00edodo legal de cinco anos.<\/p>\n\n\n\n<figure class=\"wp-block-image size-large\"><img loading=\"lazy\" decoding=\"async\" width=\"1200\" height=\"801\" src=\"https:\/\/tvtecjundiai.com.br\/news\/wp-content\/uploads\/sites\/2\/2023\/03\/palestra-ciesp_nota-fiscal_m_-20-1280x854-1-1200x801.jpg\" alt=\"\" class=\"wp-image-106932\" srcset=\"https:\/\/tvtecjundiai.com.br\/news\/wp-content\/uploads\/sites\/2\/2023\/03\/palestra-ciesp_nota-fiscal_m_-20-1280x854-1-1200x801.jpg 1200w, https:\/\/tvtecjundiai.com.br\/news\/wp-content\/uploads\/sites\/2\/2023\/03\/palestra-ciesp_nota-fiscal_m_-20-1280x854-1-300x200.jpg 300w, https:\/\/tvtecjundiai.com.br\/news\/wp-content\/uploads\/sites\/2\/2023\/03\/palestra-ciesp_nota-fiscal_m_-20-1280x854-1-768x512.jpg 768w, https:\/\/tvtecjundiai.com.br\/news\/wp-content\/uploads\/sites\/2\/2023\/03\/palestra-ciesp_nota-fiscal_m_-20-1280x854-1.jpg 1280w\" sizes=\"auto, (max-width: 1200px) 100vw, 1200px\" \/><figcaption class=\"wp-element-caption\">Nova apresenta\u00e7\u00e3o acontecer\u00e1 na sexta-feira (24) para contadores e empresas convidadas<\/figcaption><\/figure>\n\n\n\n<p><\/p>\n\n\n\n<p><strong><em>(Fonte\/Imagens: Prefeitura de Jundia\u00ed)<\/em><\/strong><\/p>\n\n\n\n<p><\/p>\n","protected":false},"excerpt":{"rendered":"<p>Na sexta (24), uma nova apresenta\u00e7\u00e3o ser\u00e1 realizada no audit\u00f3rio do Ciesp para contadores e empresas<\/p>\n","protected":false},"author":30,"featured_media":106931,"comment_status":"closed","ping_status":"0","sticky":false,"template":"","format":"standard","meta":{"footnotes":""},"categories":[2829,8356,1],"tags":[],"class_list":["post-106928","post","type-post","status-publish","format-standard","has-post-thumbnail","hentry","category-economia","category-jundiai","category-noticias"],"_links":{"self":[{"href":"https:\/\/tvtecjundiai.com.br\/news\/wp-json\/wp\/v2\/posts\/106928","targetHints":{"allow":["GET"]}}],"collection":[{"href":"https:\/\/tvtecjundiai.com.br\/news\/wp-json\/wp\/v2\/posts"}],"about":[{"href":"https:\/\/tvtecjundiai.com.br\/news\/wp-json\/wp\/v2\/types\/post"}],"author":[{"embeddable":true,"href":"https:\/\/tvtecjundiai.com.br\/news\/wp-json\/wp\/v2\/users\/30"}],"replies":[{"embeddable":true,"href":"https:\/\/tvtecjundiai.com.br\/news\/wp-json\/wp\/v2\/comments?post=106928"}],"version-history":[{"count":2,"href":"https:\/\/tvtecjundiai.com.br\/news\/wp-json\/wp\/v2\/posts\/106928\/revisions"}],"predecessor-version":[{"id":106933,"href":"https:\/\/tvtecjundiai.com.br\/news\/wp-json\/wp\/v2\/posts\/106928\/revisions\/106933"}],"wp:featuredmedia":[{"embeddable":true,"href":"https:\/\/tvtecjundiai.com.br\/news\/wp-json\/wp\/v2\/media\/106931"}],"wp:attachment":[{"href":"https:\/\/tvtecjundiai.com.br\/news\/wp-json\/wp\/v2\/media?parent=106928"}],"wp:term":[{"taxonomy":"category","embeddable":true,"href":"https:\/\/tvtecjundiai.com.br\/news\/wp-json\/wp\/v2\/categories?post=106928"},{"taxonomy":"post_tag","embeddable":true,"href":"https:\/\/tvtecjundiai.com.br\/news\/wp-json\/wp\/v2\/tags?post=106928"}],"curies":[{"name":"wp","href":"https:\/\/api.w.org\/{rel}","templated":true}]}}