{"id":106952,"date":"2023-03-23T11:07:37","date_gmt":"2023-03-23T14:07:37","guid":{"rendered":"https:\/\/tvtecjundiai.com.br\/news\/?p=106952"},"modified":"2023-03-23T11:07:41","modified_gmt":"2023-03-23T14:07:41","slug":"precos-de-medicamentos-devem-subir-cerca-de-5-a-partir-de-abril","status":"publish","type":"post","link":"https:\/\/tvtecjundiai.com.br\/news\/2023\/03\/23\/precos-de-medicamentos-devem-subir-cerca-de-5-a-partir-de-abril\/","title":{"rendered":"Pre\u00e7os de medicamentos devem subir cerca de 5% a partir de abril"},"content":{"rendered":"\n<p>A partir do dia 1 de abril,\u00a0os pre\u00e7os dos medicamentos devem subir cerca de 5% em todo o pa\u00eds. O limite do reajuste \u00e9 estabelecido pelo governo e pode ser repassado pelas farm\u00e1cias de uma vez ou ao longo do ano.<\/p>\n\n\n\n<p>O c\u00e1lculo inclui diferentes fatores, mas este ano\u00a0a ind\u00fastria estima que a alta seja ditada pela infla\u00e7\u00e3o do per\u00edodo, que foi de 5,6%.\u00a0Enquanto os pre\u00e7os n\u00e3o sobem, as farm\u00e1cias preparam os estoques para atrair os clientes com o pre\u00e7o antigo e melhores condi\u00e7\u00f5es de pagamento.<\/p>\n\n\n<div class=\"wp-block-image\">\n<figure class=\"aligncenter size-full\"><img loading=\"lazy\" decoding=\"async\" width=\"654\" height=\"433\" src=\"https:\/\/tvtecjundiai.com.br\/news\/wp-content\/uploads\/sites\/2\/2023\/03\/remedios.jpg\" alt=\"\" class=\"wp-image-106953\" srcset=\"https:\/\/tvtecjundiai.com.br\/news\/wp-content\/uploads\/sites\/2\/2023\/03\/remedios.jpg 654w, https:\/\/tvtecjundiai.com.br\/news\/wp-content\/uploads\/sites\/2\/2023\/03\/remedios-300x199.jpg 300w\" sizes=\"auto, (max-width: 654px) 100vw, 654px\" \/><\/figure>\n<\/div>\n\n\n<p><\/p>\n\n\n\n<p>&#8220;A gente j\u00e1 se prepara com a demanda dessa popula\u00e7\u00e3o que vai vir buscar os medicamentos com pre\u00e7o antigo, antes da alta. A gente programa a parte de estoque e aumentamos o parcelamento para a popula\u00e7\u00e3o&#8221;, explica Renane Bernardes, coordenadora farmac\u00eautica.<\/p>\n\n\n\n<p>Segundo o Sindicato da Ind\u00fastria de Produtos Farmac\u00eauticos,\u00a0em 10 anos, o pre\u00e7o dos medicamentos subiu 76,79% no pa\u00eds, abaixo da infla\u00e7\u00e3o acumulada, de 90,24%.<\/p>\n\n\n\n<p><em><strong>(Fonte: g1\/Imagem: Canva)<\/strong><\/em><\/p>\n","protected":false},"excerpt":{"rendered":"<p>A ind\u00fastria estima que a alta seja ditada pela infla\u00e7\u00e3o do per\u00edodo, que foi de 5,6%<\/p>\n","protected":false},"author":30,"featured_media":106953,"comment_status":"closed","ping_status":"0","sticky":false,"template":"","format":"standard","meta":{"footnotes":""},"categories":[8356,1,2839,8355],"tags":[],"class_list":["post-106952","post","type-post","status-publish","format-standard","has-post-thumbnail","hentry","category-jundiai","category-noticias","category-saude","category-saude-3"],"_links":{"self":[{"href":"https:\/\/tvtecjundiai.com.br\/news\/wp-json\/wp\/v2\/posts\/106952","targetHints":{"allow":["GET"]}}],"collection":[{"href":"https:\/\/tvtecjundiai.com.br\/news\/wp-json\/wp\/v2\/posts"}],"about":[{"href":"https:\/\/tvtecjundiai.com.br\/news\/wp-json\/wp\/v2\/types\/post"}],"author":[{"embeddable":true,"href":"https:\/\/tvtecjundiai.com.br\/news\/wp-json\/wp\/v2\/users\/30"}],"replies":[{"embeddable":true,"href":"https:\/\/tvtecjundiai.com.br\/news\/wp-json\/wp\/v2\/comments?post=106952"}],"version-history":[{"count":1,"href":"https:\/\/tvtecjundiai.com.br\/news\/wp-json\/wp\/v2\/posts\/106952\/revisions"}],"predecessor-version":[{"id":106954,"href":"https:\/\/tvtecjundiai.com.br\/news\/wp-json\/wp\/v2\/posts\/106952\/revisions\/106954"}],"wp:featuredmedia":[{"embeddable":true,"href":"https:\/\/tvtecjundiai.com.br\/news\/wp-json\/wp\/v2\/media\/106953"}],"wp:attachment":[{"href":"https:\/\/tvtecjundiai.com.br\/news\/wp-json\/wp\/v2\/media?parent=106952"}],"wp:term":[{"taxonomy":"category","embeddable":true,"href":"https:\/\/tvtecjundiai.com.br\/news\/wp-json\/wp\/v2\/categories?post=106952"},{"taxonomy":"post_tag","embeddable":true,"href":"https:\/\/tvtecjundiai.com.br\/news\/wp-json\/wp\/v2\/tags?post=106952"}],"curies":[{"name":"wp","href":"https:\/\/api.w.org\/{rel}","templated":true}]}}