{"id":106955,"date":"2023-03-23T13:09:49","date_gmt":"2023-03-23T16:09:49","guid":{"rendered":"https:\/\/tvtecjundiai.com.br\/news\/?p=106955"},"modified":"2023-03-23T13:13:58","modified_gmt":"2023-03-23T16:13:58","slug":"papel-da-mulher-na-tecnologia-e-mercado-de-trabalho-sao-temas-de-bate-papo-na-tvtec1","status":"publish","type":"post","link":"https:\/\/tvtecjundiai.com.br\/news\/2023\/03\/23\/papel-da-mulher-na-tecnologia-e-mercado-de-trabalho-sao-temas-de-bate-papo-na-tvtec1\/","title":{"rendered":"Inser\u00e7\u00e3o da mulher na \u00e1rea corporativa \u00e9 tema de bate-papo"},"content":{"rendered":"\n<p>Sob a media\u00e7\u00e3o da superintendente da Funda\u00e7\u00e3o Escola TVTEC Jundia\u00ed, M\u00f4nica Gropelo, um grupo de profissionais de diferentes \u00e1reas, em sua maioria mulheres, participou na manh\u00e3 desta quinta-feira (23) de um bate-papo e networking com a tem\u00e1tica &#8216;A presen\u00e7a da mulher na inova\u00e7\u00e3o, tecnologia e criatividade&#8217; com a presen\u00e7a de Thais Nardo (AWS), Camila Molena (Fatec Jundia\u00ed), e Karina Maretti Strangueto (Instituto Federal). Temas como mercado de trabalho, inser\u00e7\u00e3o da mulher na \u00e1rea de inform\u00e1tica e trajet\u00f3rias profissionais foram discutidas. <\/p>\n\n\n\n<p>Promovido pela Unidade de Gest\u00e3o de Desenvolvimento Econ\u00f4mico, Ci\u00eancia e Tecnologia (UGDECT), TVTEC e Rede de Inovadores, o encontro contou com a participa\u00e7\u00e3o do gestor da UGDECT, Cristiano Lopes, Gilson Pichioli (UGDECT e Ciesp), Enrico Milamonti (Jundia\u00ed Empreendedora), al\u00e9m de Sebrae, Grape Valle, Ong Mempresto, al\u00e9m de representantes da sociedade civil.<\/p>\n\n\n\n<p>M\u00f4nica Gropelo lembrou as mulheres devem estar em todo e qualquer ambiente de trabalho, mas para isto \u00e9 essencial que se posicionem diante das situa\u00e7\u00f5es, inclusive de algum tipo de ass\u00e9dio. &#8220;As mulheres t\u00eam a oportunidade de trocar experi\u00eancias, falar sobre suas trajet\u00f3rias, encontrar pessoas e saber que podem e devem fazer networking. Apesar de ser um encontro voltado para mulheres, \u00e9 importante que os homens ou\u00e7am e ajudem nas discuss\u00f5es.&#8221;<\/p>\n\n\n\n<p>Durante sua fala, a representante da Fatec Jundia\u00ed, Camila Molena, refor\u00e7ou que a palavra-chave de todo relacionamento profissional \u00e9 a intelig\u00eancia emocional. \u00c9 importante &#8216;desenhar&#8217; quais os direcionamentos e trilhas que desejam seguir. &#8220;Independente da faixa et\u00e1ria ou \u00e1rea profissional, quando falamos no universo feminino, sempre ouvir e sentimos que \u00e9 proibido errar. As mulheres s\u00e3o cobradas o tempo todo, mas devem sempre se posicionarem e falarem o que pensam.&#8221;<\/p>\n\n\n\n<figure class=\"wp-block-image size-large\"><img loading=\"lazy\" decoding=\"async\" width=\"1200\" height=\"900\" src=\"https:\/\/tvtecjundiai.com.br\/news\/wp-content\/uploads\/sites\/2\/2023\/03\/mulheres4-1200x900.jpeg\" alt=\"\" class=\"wp-image-106965\" srcset=\"https:\/\/tvtecjundiai.com.br\/news\/wp-content\/uploads\/sites\/2\/2023\/03\/mulheres4-1200x900.jpeg 1200w, https:\/\/tvtecjundiai.com.br\/news\/wp-content\/uploads\/sites\/2\/2023\/03\/mulheres4-300x225.jpeg 300w, https:\/\/tvtecjundiai.com.br\/news\/wp-content\/uploads\/sites\/2\/2023\/03\/mulheres4-768x576.jpeg 768w, https:\/\/tvtecjundiai.com.br\/news\/wp-content\/uploads\/sites\/2\/2023\/03\/mulheres4.jpeg 1280w\" sizes=\"auto, (max-width: 1200px) 100vw, 1200px\" \/><figcaption class=\"wp-element-caption\">Representantes de diferentes \u00f3rg\u00e3os participaram do encontro na TVTEC<\/figcaption><\/figure>\n\n\n\n<p>Descobrindo talentos<\/p>\n\n\n\n<p>Com um cargo de lideran\u00e7a na Amazon Web Services (AWS), plataforma de nuvem mais adotada e mais abrangente do mundo, Thais Nardo, sabe que em algumas \u00e1reas, especialmente de inform\u00e1tica e tecnologia, as mulheres s\u00e3o a minoria, mas faz quest\u00e3o de lembrar e refor\u00e7ar que h\u00e1 espa\u00e7o para todos e que a limita\u00e7\u00e3o, inclusive por parte da pr\u00f3pria mulher n\u00e3o deve ser motivo de desist\u00eancia. &#8220;Mesmo em uma \u00e1rea como a tecnologia, dominada por homens, h\u00e1 espa\u00e7o para todos e, mesmo com as limita\u00e7\u00f5es, h\u00e1 espa\u00e7o para todos. As mulheres devem estar atentas \u00e0s oportunidades e se ajudar mutuamente.&#8221;<\/p>\n\n\n\n<p>Independente das ofertas e do campo de trabalho, a qualifica\u00e7\u00e3o n\u00e3o deve ser esquecida. Assim espera Karina Maretti Strangueto, do Instituto Federal (IF).  &#8220;As pessoas precisam estar atentas a exig\u00eancia das vagas. A qualifica\u00e7\u00e3o \u00e9 essencial em qualquer \u00e1rea de trabalho.&#8221;<\/p>\n\n\n\n<p><\/p>\n\n\n\n<figure class=\"wp-block-image size-large\"><img loading=\"lazy\" decoding=\"async\" width=\"1200\" height=\"900\" src=\"https:\/\/tvtecjundiai.com.br\/news\/wp-content\/uploads\/sites\/2\/2023\/03\/mulheres3-1200x900.jpeg\" alt=\"\" class=\"wp-image-106966\" srcset=\"https:\/\/tvtecjundiai.com.br\/news\/wp-content\/uploads\/sites\/2\/2023\/03\/mulheres3-1200x900.jpeg 1200w, https:\/\/tvtecjundiai.com.br\/news\/wp-content\/uploads\/sites\/2\/2023\/03\/mulheres3-300x225.jpeg 300w, https:\/\/tvtecjundiai.com.br\/news\/wp-content\/uploads\/sites\/2\/2023\/03\/mulheres3-768x576.jpeg 768w, https:\/\/tvtecjundiai.com.br\/news\/wp-content\/uploads\/sites\/2\/2023\/03\/mulheres3.jpeg 1280w\" sizes=\"auto, (max-width: 1200px) 100vw, 1200px\" \/><figcaption class=\"wp-element-caption\">A juventude teve sua participa\u00e7\u00e3o no encontro, incluindo apresenta\u00e7\u00e3o da MC Belmonte<\/figcaption><\/figure>\n\n\n\n<p>Fonte: Imagens TVTEC Jundia\u00ed<\/p>\n","protected":false},"excerpt":{"rendered":"<p>O encontro foi promovido pela UGDECT, TVTEC e Rede de Inovadores<\/p>\n","protected":false},"author":30,"featured_media":106964,"comment_status":"closed","ping_status":"0","sticky":false,"template":"","format":"standard","meta":{"footnotes":""},"categories":[29,8356],"tags":[],"class_list":["post-106955","post","type-post","status-publish","format-standard","has-post-thumbnail","hentry","category-destaque","category-jundiai"],"_links":{"self":[{"href":"https:\/\/tvtecjundiai.com.br\/news\/wp-json\/wp\/v2\/posts\/106955","targetHints":{"allow":["GET"]}}],"collection":[{"href":"https:\/\/tvtecjundiai.com.br\/news\/wp-json\/wp\/v2\/posts"}],"about":[{"href":"https:\/\/tvtecjundiai.com.br\/news\/wp-json\/wp\/v2\/types\/post"}],"author":[{"embeddable":true,"href":"https:\/\/tvtecjundiai.com.br\/news\/wp-json\/wp\/v2\/users\/30"}],"replies":[{"embeddable":true,"href":"https:\/\/tvtecjundiai.com.br\/news\/wp-json\/wp\/v2\/comments?post=106955"}],"version-history":[{"count":6,"href":"https:\/\/tvtecjundiai.com.br\/news\/wp-json\/wp\/v2\/posts\/106955\/revisions"}],"predecessor-version":[{"id":106972,"href":"https:\/\/tvtecjundiai.com.br\/news\/wp-json\/wp\/v2\/posts\/106955\/revisions\/106972"}],"wp:featuredmedia":[{"embeddable":true,"href":"https:\/\/tvtecjundiai.com.br\/news\/wp-json\/wp\/v2\/media\/106964"}],"wp:attachment":[{"href":"https:\/\/tvtecjundiai.com.br\/news\/wp-json\/wp\/v2\/media?parent=106955"}],"wp:term":[{"taxonomy":"category","embeddable":true,"href":"https:\/\/tvtecjundiai.com.br\/news\/wp-json\/wp\/v2\/categories?post=106955"},{"taxonomy":"post_tag","embeddable":true,"href":"https:\/\/tvtecjundiai.com.br\/news\/wp-json\/wp\/v2\/tags?post=106955"}],"curies":[{"name":"wp","href":"https:\/\/api.w.org\/{rel}","templated":true}]}}