{"id":106956,"date":"2023-03-23T11:41:56","date_gmt":"2023-03-23T14:41:56","guid":{"rendered":"https:\/\/tvtecjundiai.com.br\/news\/?p=106956"},"modified":"2023-03-23T11:42:02","modified_gmt":"2023-03-23T14:42:02","slug":"hospital-sao-vicente-promove-tarde-especial-para-pacientes-oncologicas","status":"publish","type":"post","link":"https:\/\/tvtecjundiai.com.br\/news\/2023\/03\/23\/hospital-sao-vicente-promove-tarde-especial-para-pacientes-oncologicas\/","title":{"rendered":"Hospital S\u00e3o Vicente promove tarde especial para pacientes oncol\u00f3gicas"},"content":{"rendered":"\n<p>No Hospital de Caridade S\u00e3o Vicente de Paulo (HSV), as a\u00e7\u00f5es de celebra\u00e7\u00e3o ao Dia Internacional da Mulher, comemorado em 8 de mar\u00e7o, continuam. Com o objetivo de elevar a autoestima das pacientes em tratamento oncol\u00f3gico na institui\u00e7\u00e3o, consultoras de beleza realizaram uma a\u00e7\u00e3o especial no in\u00edcio da semana. Al\u00e9m de proporcionar um momento de leveza e descontra\u00e7\u00e3o, a a\u00e7\u00e3o promoveu uma aula de automaquiagem e cuidados com a pele para as pacientes. O evento aconteceu na sala da superintend\u00eancia.<\/p>\n\n\n\n<p>As aulas foram guiadas pelas consultoras Jana\u00edna Carli e Daiane Ribeiro. \u201cNosso objetivo principal foi ajudar a elevar a autoestima dessas lindas mulheres, principalmente nesse momento delicado. Nossa prioridade \u00e9 proporcionar um momento de autocuidado, valoriza\u00e7\u00e3o, amor pr\u00f3prio e, consequentemente, o resgate da autoestima. \u00c9 emocionante v\u00ea-las animadas participando de a\u00e7\u00f5es como essa, pois se sentem importantes e empoderadas. \u00c9 gratificante saber que fizemos a diferen\u00e7a no dia delas\u201d, conta Jana\u00edna.<\/p>\n\n\n\n<figure class=\"wp-block-image size-full\"><img loading=\"lazy\" decoding=\"async\" width=\"960\" height=\"720\" src=\"https:\/\/tvtecjundiai.com.br\/news\/wp-content\/uploads\/sites\/2\/2023\/03\/Pacientes-participam-de-aula-especial-sobre-automaquiagem.jpg\" alt=\"\" class=\"wp-image-106958\" srcset=\"https:\/\/tvtecjundiai.com.br\/news\/wp-content\/uploads\/sites\/2\/2023\/03\/Pacientes-participam-de-aula-especial-sobre-automaquiagem.jpg 960w, https:\/\/tvtecjundiai.com.br\/news\/wp-content\/uploads\/sites\/2\/2023\/03\/Pacientes-participam-de-aula-especial-sobre-automaquiagem-300x225.jpg 300w, https:\/\/tvtecjundiai.com.br\/news\/wp-content\/uploads\/sites\/2\/2023\/03\/Pacientes-participam-de-aula-especial-sobre-automaquiagem-768x576.jpg 768w\" sizes=\"auto, (max-width: 960px) 100vw, 960px\" \/><\/figure>\n\n\n\n<p><\/p>\n\n\n\n<p>\u201cEsse evento foi planejado com muito carinho para nossas pacientes oncol\u00f3gicas. A doen\u00e7a pode levar a mudan\u00e7as f\u00edsicas e a autoestima renovada pode ajud\u00e1-las a enfrentar os desafios do tratamento de c\u00e2ncer. Estamos felizes em realizar esse encontro que promoveu alegria, troca de experi\u00eancias e acolhimento\u201d, compartilha a supervisora de projetos sociais, Viviane Rasera.<\/p>\n\n\n\n<p>A paciente Elaine Santana de Souza Rusnak, de 41 anos, ficou feliz e grata em participar da a\u00e7\u00e3o. \u201cEste \u00e9 o melhor atendimento que podemos ter durante o tratamento. S\u00e3o viv\u00eancias como estas que trazem poesia para a vida, al\u00e9m de gratid\u00e3o, amor e cuidado\u201d.<\/p>\n\n\n\n<figure class=\"wp-block-image size-full\"><img loading=\"lazy\" decoding=\"async\" width=\"960\" height=\"720\" src=\"https:\/\/tvtecjundiai.com.br\/news\/wp-content\/uploads\/sites\/2\/2023\/03\/Maquiadas-pacientes-posam-felizes-para-foto.jpg\" alt=\"\" class=\"wp-image-106959\" srcset=\"https:\/\/tvtecjundiai.com.br\/news\/wp-content\/uploads\/sites\/2\/2023\/03\/Maquiadas-pacientes-posam-felizes-para-foto.jpg 960w, https:\/\/tvtecjundiai.com.br\/news\/wp-content\/uploads\/sites\/2\/2023\/03\/Maquiadas-pacientes-posam-felizes-para-foto-300x225.jpg 300w, https:\/\/tvtecjundiai.com.br\/news\/wp-content\/uploads\/sites\/2\/2023\/03\/Maquiadas-pacientes-posam-felizes-para-foto-768x576.jpg 768w\" sizes=\"auto, (max-width: 960px) 100vw, 960px\" \/><\/figure>\n\n\n\n<p><\/p>\n\n\n\n<p>Ao longo deste m\u00eas, o Time de Humaniza\u00e7\u00e3o da institui\u00e7\u00e3o viabilizou diversas a\u00e7\u00f5es internas para prestigiar as mulheres que trabalham na unidade. Entre as a\u00e7\u00f5es realizadas, est\u00e3o a entrega de presentes para colaboradoras, contendo um suplemento vitam\u00ednico e um protetor labial, sorteio de mais de 200 vouchers de servi\u00e7os e produtos, murais com decora\u00e7\u00e3o especial, entre outras iniciativas.<\/p>\n\n\n\n<p>As m\u00e1scaras foram retiradas para aplica\u00e7\u00e3o dos produtos e registro de fotos, sendo imediatamente recolocadas ao final do processo.<\/p>\n\n\n\n<p><strong><em>(Fonte\/Imagens: Assessoria Hospital S\u00e3o Vicente)<\/em><\/strong><\/p>\n","protected":false},"excerpt":{"rendered":"<p>Consultoras de beleza deram aula de automaquiagem e cuidados com a pele<\/p>\n","protected":false},"author":30,"featured_media":106959,"comment_status":"closed","ping_status":"0","sticky":false,"template":"","format":"standard","meta":{"footnotes":""},"categories":[8356,1,2839,8355],"tags":[],"class_list":["post-106956","post","type-post","status-publish","format-standard","has-post-thumbnail","hentry","category-jundiai","category-noticias","category-saude","category-saude-3"],"_links":{"self":[{"href":"https:\/\/tvtecjundiai.com.br\/news\/wp-json\/wp\/v2\/posts\/106956","targetHints":{"allow":["GET"]}}],"collection":[{"href":"https:\/\/tvtecjundiai.com.br\/news\/wp-json\/wp\/v2\/posts"}],"about":[{"href":"https:\/\/tvtecjundiai.com.br\/news\/wp-json\/wp\/v2\/types\/post"}],"author":[{"embeddable":true,"href":"https:\/\/tvtecjundiai.com.br\/news\/wp-json\/wp\/v2\/users\/30"}],"replies":[{"embeddable":true,"href":"https:\/\/tvtecjundiai.com.br\/news\/wp-json\/wp\/v2\/comments?post=106956"}],"version-history":[{"count":2,"href":"https:\/\/tvtecjundiai.com.br\/news\/wp-json\/wp\/v2\/posts\/106956\/revisions"}],"predecessor-version":[{"id":106960,"href":"https:\/\/tvtecjundiai.com.br\/news\/wp-json\/wp\/v2\/posts\/106956\/revisions\/106960"}],"wp:featuredmedia":[{"embeddable":true,"href":"https:\/\/tvtecjundiai.com.br\/news\/wp-json\/wp\/v2\/media\/106959"}],"wp:attachment":[{"href":"https:\/\/tvtecjundiai.com.br\/news\/wp-json\/wp\/v2\/media?parent=106956"}],"wp:term":[{"taxonomy":"category","embeddable":true,"href":"https:\/\/tvtecjundiai.com.br\/news\/wp-json\/wp\/v2\/categories?post=106956"},{"taxonomy":"post_tag","embeddable":true,"href":"https:\/\/tvtecjundiai.com.br\/news\/wp-json\/wp\/v2\/tags?post=106956"}],"curies":[{"name":"wp","href":"https:\/\/api.w.org\/{rel}","templated":true}]}}