{"id":107003,"date":"2023-03-24T09:55:55","date_gmt":"2023-03-24T12:55:55","guid":{"rendered":"https:\/\/tvtecjundiai.com.br\/news\/?p=107003"},"modified":"2023-03-24T09:56:00","modified_gmt":"2023-03-24T12:56:00","slug":"culturamais-e-culturamais-crianca-estao-com-inscricoes-abertas","status":"publish","type":"post","link":"https:\/\/tvtecjundiai.com.br\/news\/2023\/03\/24\/culturamais-e-culturamais-crianca-estao-com-inscricoes-abertas\/","title":{"rendered":"<strong>CulturaMais e CulturaMais Crian\u00e7a est\u00e3o com inscri\u00e7\u00f5es abertas<\/strong>"},"content":{"rendered":"\n<p>A Unidade de Gest\u00e3o de Cultura (UGC) recebe, at\u00e9 o dia 03 de maio, as inscri\u00e7\u00f5es dos artistas solo, ou grupos de Jundia\u00ed e regi\u00e3o interessados em participar do processo seletivo para os editais CulturaMais e CulturaMais Crian\u00e7a que vai contemplar 225 projetos culturais, sendo 165 para as a\u00e7\u00f5es do Cultura Mais e 60 projetos voltados especialmente para as a\u00e7\u00f5es que envolvam o p\u00fablico infantil, pelo per\u00edodo de junho de 2023 a dezembro de 2024.<\/p>\n\n\n\n<p>O projeto CulturaMais vai contemplar propostas nas modalidades Cultura Popular, Dan\u00e7a, Literatura, Teatro, M\u00fasica e Circo.\u00a0 O edital pode ser acessado na Internet \u00a0<strong><a rel=\"noreferrer noopener\" href=\"https:\/\/forms.gle\/fKRs3prbVH28FwrF6,\" target=\"_blank\">https:\/\/forms.gle\/fKRs3prbVH28FwrF6,<\/a><\/strong>\u00a0bem como a ficha de inscri\u00e7\u00e3o dispon\u00edvel na plataforma Google. Cada proponente poder\u00e1 apresentar at\u00e9 tr\u00eas projetos.<\/p>\n\n\n\n<figure class=\"wp-block-image size-large\"><img loading=\"lazy\" decoding=\"async\" width=\"1200\" height=\"800\" src=\"https:\/\/tvtecjundiai.com.br\/news\/wp-content\/uploads\/sites\/2\/2023\/03\/sexta-no-museu-especial-mes-da-mulher-shirley-espindola_fm_-27-1536x1024-1-1200x800.jpg\" alt=\"\" class=\"wp-image-107004\" srcset=\"https:\/\/tvtecjundiai.com.br\/news\/wp-content\/uploads\/sites\/2\/2023\/03\/sexta-no-museu-especial-mes-da-mulher-shirley-espindola_fm_-27-1536x1024-1-1200x800.jpg 1200w, https:\/\/tvtecjundiai.com.br\/news\/wp-content\/uploads\/sites\/2\/2023\/03\/sexta-no-museu-especial-mes-da-mulher-shirley-espindola_fm_-27-1536x1024-1-300x200.jpg 300w, https:\/\/tvtecjundiai.com.br\/news\/wp-content\/uploads\/sites\/2\/2023\/03\/sexta-no-museu-especial-mes-da-mulher-shirley-espindola_fm_-27-1536x1024-1-768x512.jpg 768w, https:\/\/tvtecjundiai.com.br\/news\/wp-content\/uploads\/sites\/2\/2023\/03\/sexta-no-museu-especial-mes-da-mulher-shirley-espindola_fm_-27-1536x1024-1.jpg 1280w\" sizes=\"auto, (max-width: 1200px) 100vw, 1200px\" \/><figcaption class=\"wp-element-caption\">Cultura Mais selecionar\u00e1 projetos para v\u00e1rios segmentos, inclusive a m\u00fasica<\/figcaption><\/figure>\n\n\n\n<p>J\u00e1 para os interessados no projeto CulturaMais Crian\u00e7a, o edital est\u00e1 dispon\u00edvel em&nbsp;&nbsp;<strong><a rel=\"noreferrer noopener\" href=\"https:\/\/forms.gle\/JWynhfcsqN19UMye6\" target=\"_blank\">https:\/\/forms.gle\/JWynhfcsqN19UMye6<\/a>&nbsp;<\/strong>assim como a ficha de inscri\u00e7\u00e3o para os artistas interessados. Cada proponente poder\u00e1 apresentar at\u00e9 tr\u00eas projetos.<\/p>\n\n\n\n<p>Os projetos art\u00edsticos e culturais que, ap\u00f3s habilitados, ser\u00e3o selecionados conforme pontua\u00e7\u00e3o de jurados e far\u00e3o parte de variadas a\u00e7\u00f5es da UGC, tais como: Sexta no Museu, Sexta no Centro, Cultura nos Bairros, Festa da Uva, Festejos Juninos, Programa\u00e7\u00e3o para o Dia do Teatro e do Circo, Programa\u00e7\u00e3o para o Dia Internacional da Dan\u00e7a, Abertura para as Mostras do Festival Enredan\u00e7a, Abertura para a programa\u00e7\u00e3o do M\u00eas do Patrim\u00f4nio, Abertura para a programa\u00e7\u00e3o da Festa Liter\u00e1ria de Jundia\u00ed, Programa\u00e7\u00e3o para a Semana da Diversidade, Programa\u00e7\u00e3o para a Semana da Consci\u00eancia Negra, Programa\u00e7\u00e3o para o Anivers\u00e1rio da Cidade ou ainda, outras a\u00e7\u00f5es e\/ou projetos realizados em parceria com a Unidade de Gest\u00e3o de Cultura.<\/p>\n\n\n\n<p>Para qualquer esclarecimento de d\u00favidas ou orienta\u00e7\u00f5es o interessado poder\u00e1 acessar o e- mail\u00a0<a rel=\"noreferrer noopener\" href=\"mailto:dcultura@jundiai.sp.gov.br\" target=\"_blank\">dcultura@jundiai.sp.<\/a><a href=\"mailto:dcultura@jundiai.sp.gov.br\">gov.b<\/a><a rel=\"noreferrer noopener\" href=\"mailto:dcultura@jundiai.sp.gov.br\" target=\"_blank\">r<\/a>\u00a0ou ainda pelo telefone (11) 4589-6800.<\/p>\n\n\n\n<p><em><strong>(Fonte\/Imagem: Prefeitura de Jundia\u00ed)<\/strong><\/em><\/p>\n","protected":false},"excerpt":{"rendered":"<p>O projeto CulturaMais vai contemplar as modalidades Cultura Popular, Dan\u00e7a, Literatura, Teatro, M\u00fasica e Circo<\/p>\n","protected":false},"author":30,"featured_media":107004,"comment_status":"closed","ping_status":"0","sticky":false,"template":"","format":"standard","meta":{"footnotes":""},"categories":[2833,8356,1],"tags":[],"class_list":["post-107003","post","type-post","status-publish","format-standard","has-post-thumbnail","hentry","category-cultura","category-jundiai","category-noticias"],"_links":{"self":[{"href":"https:\/\/tvtecjundiai.com.br\/news\/wp-json\/wp\/v2\/posts\/107003","targetHints":{"allow":["GET"]}}],"collection":[{"href":"https:\/\/tvtecjundiai.com.br\/news\/wp-json\/wp\/v2\/posts"}],"about":[{"href":"https:\/\/tvtecjundiai.com.br\/news\/wp-json\/wp\/v2\/types\/post"}],"author":[{"embeddable":true,"href":"https:\/\/tvtecjundiai.com.br\/news\/wp-json\/wp\/v2\/users\/30"}],"replies":[{"embeddable":true,"href":"https:\/\/tvtecjundiai.com.br\/news\/wp-json\/wp\/v2\/comments?post=107003"}],"version-history":[{"count":1,"href":"https:\/\/tvtecjundiai.com.br\/news\/wp-json\/wp\/v2\/posts\/107003\/revisions"}],"predecessor-version":[{"id":107005,"href":"https:\/\/tvtecjundiai.com.br\/news\/wp-json\/wp\/v2\/posts\/107003\/revisions\/107005"}],"wp:featuredmedia":[{"embeddable":true,"href":"https:\/\/tvtecjundiai.com.br\/news\/wp-json\/wp\/v2\/media\/107004"}],"wp:attachment":[{"href":"https:\/\/tvtecjundiai.com.br\/news\/wp-json\/wp\/v2\/media?parent=107003"}],"wp:term":[{"taxonomy":"category","embeddable":true,"href":"https:\/\/tvtecjundiai.com.br\/news\/wp-json\/wp\/v2\/categories?post=107003"},{"taxonomy":"post_tag","embeddable":true,"href":"https:\/\/tvtecjundiai.com.br\/news\/wp-json\/wp\/v2\/tags?post=107003"}],"curies":[{"name":"wp","href":"https:\/\/api.w.org\/{rel}","templated":true}]}}