{"id":107006,"date":"2023-03-24T09:59:11","date_gmt":"2023-03-24T12:59:11","guid":{"rendered":"https:\/\/tvtecjundiai.com.br\/news\/?p=107006"},"modified":"2023-03-24T09:59:14","modified_gmt":"2023-03-24T12:59:14","slug":"sim-elas-podem-acontece-na-biblioteca-neste-sabado-25","status":"publish","type":"post","link":"https:\/\/tvtecjundiai.com.br\/news\/2023\/03\/24\/sim-elas-podem-acontece-na-biblioteca-neste-sabado-25\/","title":{"rendered":"<strong>\u201cSim elas podem\u201d acontece na Biblioteca neste s\u00e1bado (25)<\/strong>"},"content":{"rendered":"\n<p>A Unidade de Gest\u00e3o de Cultura (UGC), por meio da Biblioteca P\u00fablica Municipal Prof. Nelson Foot (BNF), recebe neste s\u00e1bado (25), das 10h \u00e0s 16h, o evento \u201cSim, elas podem\u201d, uma a\u00e7\u00e3o que planeja reunir pessoas interessadas em literatura, games, cosplays, cinema, teatro, m\u00fasica, empreendedorismo ou que queiram criar uma network para suas vidas profissionais e in\u00edcio de carreira.<\/p>\n\n\n\n<p>Segundo a bibliotec\u00e1ria Michele Cruz, \u201cSim, elas podem\u201d \u00e9 um projeto feito por mulheres, com mulheres, mas n\u00e3o somente para mulheres. &nbsp;Desta forma, a proposta \u00e9 auxiliar e inspirar o p\u00fablico com nossas convidadas. \u201cQuem vier \u00e0 biblioteca poder\u00e1 assistir aos bate-papos, curtir as apresenta\u00e7\u00f5es culturais e musicais, sanar um pouco da curiosidade, conhecer mais sobre esses nichos culturais, informar-se sobre as entidades\/organiza\u00e7\u00f5es e a\u00e7\u00f5es que atuam na cidade a favor da mulher e, at\u00e9 mesmo, receber algum tipo de orienta\u00e7\u00e3o\u201d, comentou Michele.<\/p>\n\n\n\n<p>Os interessados em participar da programa\u00e7\u00e3o que \u00e9 totalmente gratuita devem chegar com anteced\u00eancia, pois a entrada ser\u00e1 por ordem de chegada. A Biblioteca est\u00e1 localizada no Complexo Argos, na avenida Dr. Cavalcanti, 396 \u2013 Vila Arens.<\/p>\n\n\n\n<figure class=\"wp-block-image size-large\"><img loading=\"lazy\" decoding=\"async\" width=\"1200\" height=\"900\" src=\"https:\/\/tvtecjundiai.com.br\/news\/wp-content\/uploads\/sites\/2\/2023\/03\/gatos-gordos-1200x900.jpg\" alt=\"\" class=\"wp-image-107007\" srcset=\"https:\/\/tvtecjundiai.com.br\/news\/wp-content\/uploads\/sites\/2\/2023\/03\/gatos-gordos-1200x900.jpg 1200w, https:\/\/tvtecjundiai.com.br\/news\/wp-content\/uploads\/sites\/2\/2023\/03\/gatos-gordos-300x225.jpg 300w, https:\/\/tvtecjundiai.com.br\/news\/wp-content\/uploads\/sites\/2\/2023\/03\/gatos-gordos-768x576.jpg 768w, https:\/\/tvtecjundiai.com.br\/news\/wp-content\/uploads\/sites\/2\/2023\/03\/gatos-gordos.jpg 1280w\" sizes=\"auto, (max-width: 1200px) 100vw, 1200px\" \/><figcaption class=\"wp-element-caption\">S\u00e1bado tem conta\u00e7\u00e3o de hist\u00f3ria para a garotada e adultos tamb\u00e9m.<\/figcaption><\/figure>\n\n\n\n<p><strong>Convidadas<br><\/strong>\u2022 Bate-papo \u201cMulheres no Mundo P\u00f3s Pand\u00eamico\u201d: Stella Pinheiro (fot\u00f3grafa), Simone Nasar (atriz), Fernanda Mendes (Educadora da Rede Estadual de ensino, Co Fundadora da Rede Valentes \u2013 rede de mulheres e Promotora Legal Popular de Jundia\u00ed) e Nay Firens (YouTuber maquiadora). Media\u00e7\u00e3o por Kell Luz (streamer).<br>\u2022 Bate-papo \u201cLiteratura no atual Universo da Cultura Pop\u201d: Mello Ferraz (YouTuber e cr\u00edtica liter\u00e1ria), Jaqueline Barbosa (Booktuber e Bookgramer), Carina Reis (escritora) e Larissa Siriani (escritora). Media\u00e7\u00e3o por Fabi Zambelli (escritora e jornalista).<br>Cronograma<br>\u2022 10h: Recep\u00e7\u00e3o e Abertura Oficial.<br>\u2022 10h30: Bate-papo \u201cMulheres no Mundo P\u00f3s Pand\u00eamico\u201d.<br>\u2022 12h: Apresenta\u00e7\u00e3o de SLAM.<br>\u2022 Intervalo<br>\u2022 14h00: Bate-papo \u201cLiteratura no atual Universo da Cultura Pop\u201d.<br>\u2022 15h30: Encerramento oficial com sorteio de brindes e apresenta\u00e7\u00e3o do grupo Baque Delas.<\/p>\n\n\n\n<p><strong>Conta\u00e7\u00e3o de Hist\u00f3ria<\/strong><\/p>\n\n\n\n<p>Tamb\u00e9m no s\u00e1bado (25), das 11h \u00e0s 12h, acontece na Biblioteca a apresenta\u00e7\u00e3o do Grupo Gatos Gordos. Na oportunidade eles apresentam o conto \u201cCanto das Sereias\u201d, uma nova conta\u00e7\u00e3o de hist\u00f3ria para crian\u00e7as e adultos.<\/p>\n\n\n\n<p>As sereias Marola e Maresia gostam de tudo que todas as sereias gostam: nadar, tomar banho de sol nas pedras, enfeitarem-se com conchas e p\u00e9rolas, cantar seus cantos de sereias e contar hist\u00f3rias do povo das \u00e1guas.<\/p>\n\n\n\n<p>Na apresenta\u00e7\u00e3o o grupo conta duas hist\u00f3rias: Romeu e Julieta, amigos at\u00e9 debaixo d\u2019\u00e1gua \u2013 inspirado em Romeu e Julieta, de Ruth Rocha. O segredo da sereia Serenata e o peixe encantado, inspirado no cancioneiro popular brasileiro. Junto a elas est\u00e1 o pescador e seresteiro Z\u00e9 do peixe que, conhecendo t\u00e3o bem essas hist\u00f3rias, canta e enche de gra\u00e7a e alegria a narra\u00e7\u00e3o dessas aventuras. T\u00e1 achando que \u00e9 mentira de pescador? \u00c9 nada! Vem conferir em: \u201cO Canto das sereias\u201d a nova conta\u00e7\u00e3o de hist\u00f3rias do grupo Gatos Gordos.<\/p>\n\n\n\n<p><em><strong>(Fonte\/Imagem: Prefeitura de Jundia\u00ed)<\/strong><\/em><\/p>\n","protected":false},"excerpt":{"rendered":"<p>Os interessados em participar da programa\u00e7\u00e3o que \u00e9 totalmente gratuita<\/p>\n","protected":false},"author":30,"featured_media":107007,"comment_status":"closed","ping_status":"0","sticky":false,"template":"","format":"standard","meta":{"footnotes":""},"categories":[2833,8356,1],"tags":[],"class_list":["post-107006","post","type-post","status-publish","format-standard","has-post-thumbnail","hentry","category-cultura","category-jundiai","category-noticias"],"_links":{"self":[{"href":"https:\/\/tvtecjundiai.com.br\/news\/wp-json\/wp\/v2\/posts\/107006","targetHints":{"allow":["GET"]}}],"collection":[{"href":"https:\/\/tvtecjundiai.com.br\/news\/wp-json\/wp\/v2\/posts"}],"about":[{"href":"https:\/\/tvtecjundiai.com.br\/news\/wp-json\/wp\/v2\/types\/post"}],"author":[{"embeddable":true,"href":"https:\/\/tvtecjundiai.com.br\/news\/wp-json\/wp\/v2\/users\/30"}],"replies":[{"embeddable":true,"href":"https:\/\/tvtecjundiai.com.br\/news\/wp-json\/wp\/v2\/comments?post=107006"}],"version-history":[{"count":1,"href":"https:\/\/tvtecjundiai.com.br\/news\/wp-json\/wp\/v2\/posts\/107006\/revisions"}],"predecessor-version":[{"id":107008,"href":"https:\/\/tvtecjundiai.com.br\/news\/wp-json\/wp\/v2\/posts\/107006\/revisions\/107008"}],"wp:featuredmedia":[{"embeddable":true,"href":"https:\/\/tvtecjundiai.com.br\/news\/wp-json\/wp\/v2\/media\/107007"}],"wp:attachment":[{"href":"https:\/\/tvtecjundiai.com.br\/news\/wp-json\/wp\/v2\/media?parent=107006"}],"wp:term":[{"taxonomy":"category","embeddable":true,"href":"https:\/\/tvtecjundiai.com.br\/news\/wp-json\/wp\/v2\/categories?post=107006"},{"taxonomy":"post_tag","embeddable":true,"href":"https:\/\/tvtecjundiai.com.br\/news\/wp-json\/wp\/v2\/tags?post=107006"}],"curies":[{"name":"wp","href":"https:\/\/api.w.org\/{rel}","templated":true}]}}