{"id":107102,"date":"2023-03-27T09:36:47","date_gmt":"2023-03-27T12:36:47","guid":{"rendered":"https:\/\/tvtecjundiai.com.br\/news\/?p=107102"},"modified":"2023-03-27T09:36:52","modified_gmt":"2023-03-27T12:36:52","slug":"semana-sera-abafada-e-com-pancadas-de-chuva-em-jundiai-4","status":"publish","type":"post","link":"https:\/\/tvtecjundiai.com.br\/news\/2023\/03\/27\/semana-sera-abafada-e-com-pancadas-de-chuva-em-jundiai-4\/","title":{"rendered":"Semana ser\u00e1 abafada e com pancadas de chuva em Jundia\u00ed"},"content":{"rendered":"\n<p>As altas temperaturas continuam em Jundia\u00ed esta semana, mas tamb\u00e9m est\u00e3o previstas pancadas de chuva \u00e0 tarde e \u00e0 noite. Segundo o Climatempo, os term\u00f4metros ficam entre 19\u00b0C e 30\u00b0C.<\/p>\n\n\n\n<p>Nesta segunda-feira (27), o dia \u00e9 de sol com algumas nuvens e pancadas de chuva \u00e0 tarde e \u00e0 noite, que devem somar 10mm. Os term\u00f4metros ficam entre 21\u00b0C e 29\u00b0C.<\/p>\n\n\n<div class=\"wp-block-image\">\n<figure class=\"aligncenter size-large is-resized\"><img loading=\"lazy\" decoding=\"async\" src=\"https:\/\/tvtecjundiai.com.br\/news\/wp-content\/uploads\/sites\/2\/2023\/03\/WhatsApp-Image-2023-03-27-at-09.35.37-1200x900.jpeg\" alt=\"\" class=\"wp-image-107103\" width=\"602\" height=\"452\" srcset=\"https:\/\/tvtecjundiai.com.br\/news\/wp-content\/uploads\/sites\/2\/2023\/03\/WhatsApp-Image-2023-03-27-at-09.35.37-1200x900.jpeg 1200w, https:\/\/tvtecjundiai.com.br\/news\/wp-content\/uploads\/sites\/2\/2023\/03\/WhatsApp-Image-2023-03-27-at-09.35.37-300x225.jpeg 300w, https:\/\/tvtecjundiai.com.br\/news\/wp-content\/uploads\/sites\/2\/2023\/03\/WhatsApp-Image-2023-03-27-at-09.35.37-768x576.jpeg 768w, https:\/\/tvtecjundiai.com.br\/news\/wp-content\/uploads\/sites\/2\/2023\/03\/WhatsApp-Image-2023-03-27-at-09.35.37.jpeg 1280w\" sizes=\"auto, (max-width: 602px) 100vw, 602px\" \/><\/figure>\n<\/div>\n\n\n<p><\/p>\n\n\n\n<p><strong>Confira a previs\u00e3o detalhada, de acordo com o Climatempo<\/strong><\/p>\n\n\n\n<p><strong>Ter\u00e7a-feira (28):<\/strong>\u00a0Sol e aumento de nuvens pela manh\u00e3, com pancadas de chuva \u00e0 tarde e \u00e0 noite que devem somar 8mm. Os term\u00f4metros ficam entre 19\u00b0C e 30\u00b0C.<\/p>\n\n\n\n<p><strong>Quarta-feira (29):<\/strong>\u00a0Sol e aumento de nuvens pela manh\u00e3, com pancadas de chuva \u00e0 tarde e \u00e0 noite que devem somar 20mm. A temperatura fica entre 19\u00b0C e 30\u00b0C.<\/p>\n\n\n\n<p><strong>Quinta-feira (30):<\/strong>\u00a0Sol e aumento de nuvens pela manh\u00e3, com pancadas de chuva \u00e0 tarde e \u00e0 noite que devem somar 15mm. A temperatura fica entre 19\u00b0C e 29\u00b0C.<\/p>\n\n\n\n<p><strong>Sexta-feira (31):<\/strong>\u00a0Sol e aumento de nuvens pela manh\u00e3, com pancadas de chuva \u00e0 tarde e \u00e0 noite que devem somar apenas 4mm. Os term\u00f4metros ficam entre 19\u00b0C e 30\u00b0C.<\/p>\n\n\n\n<p><strong><em>(Fonte: TVTEC Jundia\u00ed\/Imagem: Juliano Justino)<\/em><\/strong><\/p>\n","protected":false},"excerpt":{"rendered":"<p>Segundo o Climatempo, os term\u00f4metros ficam entre 19\u00b0C e 30\u00b0C<\/p>\n","protected":false},"author":30,"featured_media":107103,"comment_status":"closed","ping_status":"0","sticky":false,"template":"","format":"standard","meta":{"footnotes":""},"categories":[3185,8356,1],"tags":[],"class_list":["post-107102","post","type-post","status-publish","format-standard","has-post-thumbnail","hentry","category-clima","category-jundiai","category-noticias"],"_links":{"self":[{"href":"https:\/\/tvtecjundiai.com.br\/news\/wp-json\/wp\/v2\/posts\/107102","targetHints":{"allow":["GET"]}}],"collection":[{"href":"https:\/\/tvtecjundiai.com.br\/news\/wp-json\/wp\/v2\/posts"}],"about":[{"href":"https:\/\/tvtecjundiai.com.br\/news\/wp-json\/wp\/v2\/types\/post"}],"author":[{"embeddable":true,"href":"https:\/\/tvtecjundiai.com.br\/news\/wp-json\/wp\/v2\/users\/30"}],"replies":[{"embeddable":true,"href":"https:\/\/tvtecjundiai.com.br\/news\/wp-json\/wp\/v2\/comments?post=107102"}],"version-history":[{"count":2,"href":"https:\/\/tvtecjundiai.com.br\/news\/wp-json\/wp\/v2\/posts\/107102\/revisions"}],"predecessor-version":[{"id":107105,"href":"https:\/\/tvtecjundiai.com.br\/news\/wp-json\/wp\/v2\/posts\/107102\/revisions\/107105"}],"wp:featuredmedia":[{"embeddable":true,"href":"https:\/\/tvtecjundiai.com.br\/news\/wp-json\/wp\/v2\/media\/107103"}],"wp:attachment":[{"href":"https:\/\/tvtecjundiai.com.br\/news\/wp-json\/wp\/v2\/media?parent=107102"}],"wp:term":[{"taxonomy":"category","embeddable":true,"href":"https:\/\/tvtecjundiai.com.br\/news\/wp-json\/wp\/v2\/categories?post=107102"},{"taxonomy":"post_tag","embeddable":true,"href":"https:\/\/tvtecjundiai.com.br\/news\/wp-json\/wp\/v2\/tags?post=107102"}],"curies":[{"name":"wp","href":"https:\/\/api.w.org\/{rel}","templated":true}]}}