{"id":107124,"date":"2023-03-27T14:11:19","date_gmt":"2023-03-27T17:11:19","guid":{"rendered":"https:\/\/tvtecjundiai.com.br\/news\/?p=107124"},"modified":"2023-03-27T14:11:22","modified_gmt":"2023-03-27T17:11:22","slug":"dentista-do-hospital-sao-vicente-faz-alerta-sobre-cuidados-com-a-higiene-bucal","status":"publish","type":"post","link":"https:\/\/tvtecjundiai.com.br\/news\/2023\/03\/27\/dentista-do-hospital-sao-vicente-faz-alerta-sobre-cuidados-com-a-higiene-bucal\/","title":{"rendered":"Dentista do Hospital S\u00e3o Vicente faz alerta sobre cuidados com a higiene bucal"},"content":{"rendered":"\n<p>A higieniza\u00e7\u00e3o correta das mais diversas \u00e1reas do corpo humano \u00e9 a principal forma de preven\u00e7\u00e3o para doen\u00e7as e infec\u00e7\u00f5es. Desta forma, a sa\u00fade bucal necessita de aten\u00e7\u00e3o e cuidados minuciosos, que diminuem o risco de desenvolvimento de problemas bucais e dent\u00e1rios, al\u00e9m da prolifera\u00e7\u00e3o de bact\u00e9rias para outros \u00f3rg\u00e3os, comprometendo a sa\u00fade geral do organismo. Neste m\u00eas, voltado para conscientiza\u00e7\u00e3o da higiene bucal, o Hospital de Caridade S\u00e3o Vicente de Paulo (HSV) compartilha dicas importantes com a popula\u00e7\u00e3o.<\/p>\n\n\n\n<p><strong>Odontologia no HSV<\/strong><\/p>\n\n\n\n<p>A equipe de odontologia \u00e9 composta por seis cirurgi\u00f5es dentistas bucomaxilofaciais que atendem casos de urg\u00eancia e emerg\u00eancia no Pronto Atendimento Central, al\u00e9m de tr\u00eas profissionais que atuam no Ambulat\u00f3rio de Especialidades, prestando assist\u00eancia para casos eletivos e mais complexos como fraturas, pacientes especiais para extra\u00e7\u00f5es em centro cir\u00fargico e pacientes oncol\u00f3gicos. No PA Central, o servi\u00e7o funciona de segunda a sexta-feira, das 7h \u00e0s 22h. Aos finais de semana, os profissionais permanecem dispon\u00edveis \u00e0 dist\u00e2ncia para emerg\u00eancias.\u00a0<\/p>\n\n\n\n<p>O cirurgi\u00e3o dentista Alberto Nogueira Aleixo fala um pouco da rotina na unidade. \u201cN\u00f3s fazemos avalia\u00e7\u00e3o para os pacientes de todas as especialidades do hospital para eliminarmos focos infecciosos. No PA, que \u00e9 o nosso local de trabalho di\u00e1rio, atendemos todos os pacientes que sofreram algum trauma, seja em acidentes, quedas, agress\u00f5es, inclusive os que d\u00e3o entrada pelo Pronto Socorro do HSV. No dia a dia do PA, a m\u00e9dia de atendimento di\u00e1ria \u00e9 de 50 pacientes, com diminui\u00e7\u00e3o do fluxo nos finais de semana\u201d.<\/p>\n\n\n<div class=\"wp-block-image\">\n<figure class=\"aligncenter size-large is-resized\"><img decoding=\"async\" src=\"https:\/\/tvtecjundiai.com.br\/news\/wp-content\/uploads\/sites\/2\/2023\/03\/Dr.-Alberto-orienta-a-populacao-sobre-saude-bucal-edited.jpg\" alt=\"\" class=\"wp-image-107130\" width=\"676\" srcset=\"https:\/\/tvtecjundiai.com.br\/news\/wp-content\/uploads\/sites\/2\/2023\/03\/Dr.-Alberto-orienta-a-populacao-sobre-saude-bucal-edited.jpg 1280w, https:\/\/tvtecjundiai.com.br\/news\/wp-content\/uploads\/sites\/2\/2023\/03\/Dr.-Alberto-orienta-a-populacao-sobre-saude-bucal-edited-300x188.jpg 300w, https:\/\/tvtecjundiai.com.br\/news\/wp-content\/uploads\/sites\/2\/2023\/03\/Dr.-Alberto-orienta-a-populacao-sobre-saude-bucal-edited-1200x750.jpg 1200w, https:\/\/tvtecjundiai.com.br\/news\/wp-content\/uploads\/sites\/2\/2023\/03\/Dr.-Alberto-orienta-a-populacao-sobre-saude-bucal-edited-768x480.jpg 768w\" sizes=\"(max-width: 1280px) 100vw, 1280px\" \/><figcaption class=\"wp-element-caption\">Cirurgi\u00e3o dentista Alberto Nogueira Aleixo<\/figcaption><\/figure>\n<\/div>\n\n\n<p><\/p>\n\n\n\n<p><strong>Causas e Preven\u00e7\u00e3o<\/strong><\/p>\n\n\n\n<p>Dentes estragados s\u00e3o focos constantes de infec\u00e7\u00f5es, formando abscessos, que, por sua vez, podem evoluir para celulites e at\u00e9 para uma Angina de Ludwig, infec\u00e7\u00e3o bacteriana que afeta o assoalho da mand\u00edbula do paciente e seu pesco\u00e7o, fazendo com que ele necessite de cuidados m\u00e9dicos imediatos para evitar que as bact\u00e9rias atinjam sua corrente sangu\u00ednea e se espalhem por outros pontos do corpo. \u201cNeste caso, o paciente come\u00e7a a ter uma grande dificuldade para deglutir e respirar, tendo que, na maioria das vezes, ir para o Centro Cir\u00fargico fazer drenagem desse liquido, que chamamos de pus. Um simples dente estragado pode causar tudo isso, mesmo sem doer\u201d, conta Aleixo.<\/p>\n\n\n\n<p>O maior meio de preven\u00e7\u00e3o \u00e9 a limpeza integral da cavidade bucal. \u201cO indiv\u00edduo deve escovar os dentes tr\u00eas vezes ao dia, no m\u00ednimo, passar fio dental e utilizar enxaguantes bucais para complementar a higieniza\u00e7\u00e3o. A visita peri\u00f3dica ao profissional tamb\u00e9m \u00e9 essencial para manuten\u00e7\u00e3o dos cuidados. Se todos cuidassem dos dentes pelo menos regularmente, passando por consulta de 6 em 6 meses, ter\u00edamos 80% da popula\u00e7\u00e3o com dentes melhores, saud\u00e1veis, porque o esmalte dent\u00e1rio \u00e9 um dos elementos mais fortes e resistentes do corpo humano. \u00c9 importante ressaltar que doen\u00e7as da boca t\u00eam rela\u00e7\u00e3o direta com o fumo, o consumo de \u00e1lcool e a m\u00e1 alimenta\u00e7\u00e3o\u201d, esclarece o cirurgi\u00e3o dentista.<\/p>\n\n\n\n<p>O especialista aproveita para orientar tamb\u00e9m sobre a higieniza\u00e7\u00e3o bucal infantil. \u201cTemos que ter a consci\u00eancia de que precisamos ajudar as crian\u00e7as a higienizar os dentes at\u00e9 que elas sejam capazes de cuidar sozinhas, por volta dos 12 anos. Quanto aos idosos, temos que entender que os dentes envelhecem, a articula\u00e7\u00e3o temporomandibular (ATM) fica mais dolorida, com mais facilidade de inflamar. Nessas situa\u00e7\u00f5es, temos que mudar os h\u00e1bitos alimentares, ingerir alimentos mais moles e mais saud\u00e1veis para n\u00e3o corrermos o risco de termos dentes fraturados\u201d.<\/p>\n\n\n\n<p><strong>Tratamento<\/strong><\/p>\n\n\n\n<p>Os tratamentos s\u00e3o espec\u00edficos para cada caso, mas, na grande maioria das vezes, existe uma solu\u00e7\u00e3o para recuperar um dente ou uma arcada dent\u00e1ria completa. \u201cInfelizmente, muitas pessoas n\u00e3o possuem condi\u00e7\u00f5es de arcar com um tratamento mais especializado, portanto, o ideal \u00e9 cuidarmos dos nossos dentes para n\u00e3o precisarmos de tratamentos mais onerosos. Cuidando e preservando os dentes sadios, teremos uma inf\u00e2ncia sem dor, sem traumas e, na velhice, n\u00e3o precisaremos usar pr\u00f3teses ou ficar com falhas na boca. Essa \u00e9 a principal dica para todos\u201d, finaliza o profissional.<\/p>\n\n\n\n<p><strong><em>(Fonte\/Imagem: Assessoria Hospital S\u00e3o Vicente)<\/em><\/strong><\/p>\n","protected":false},"excerpt":{"rendered":"<p>Cuidados com a sa\u00fade bucal s\u00e3o indicados para todas as idades<\/p>\n","protected":false},"author":30,"featured_media":107130,"comment_status":"closed","ping_status":"0","sticky":false,"template":"","format":"standard","meta":{"footnotes":""},"categories":[8356,1,2839,8355],"tags":[],"class_list":["post-107124","post","type-post","status-publish","format-standard","has-post-thumbnail","hentry","category-jundiai","category-noticias","category-saude","category-saude-3"],"_links":{"self":[{"href":"https:\/\/tvtecjundiai.com.br\/news\/wp-json\/wp\/v2\/posts\/107124","targetHints":{"allow":["GET"]}}],"collection":[{"href":"https:\/\/tvtecjundiai.com.br\/news\/wp-json\/wp\/v2\/posts"}],"about":[{"href":"https:\/\/tvtecjundiai.com.br\/news\/wp-json\/wp\/v2\/types\/post"}],"author":[{"embeddable":true,"href":"https:\/\/tvtecjundiai.com.br\/news\/wp-json\/wp\/v2\/users\/30"}],"replies":[{"embeddable":true,"href":"https:\/\/tvtecjundiai.com.br\/news\/wp-json\/wp\/v2\/comments?post=107124"}],"version-history":[{"count":2,"href":"https:\/\/tvtecjundiai.com.br\/news\/wp-json\/wp\/v2\/posts\/107124\/revisions"}],"predecessor-version":[{"id":107131,"href":"https:\/\/tvtecjundiai.com.br\/news\/wp-json\/wp\/v2\/posts\/107124\/revisions\/107131"}],"wp:featuredmedia":[{"embeddable":true,"href":"https:\/\/tvtecjundiai.com.br\/news\/wp-json\/wp\/v2\/media\/107130"}],"wp:attachment":[{"href":"https:\/\/tvtecjundiai.com.br\/news\/wp-json\/wp\/v2\/media?parent=107124"}],"wp:term":[{"taxonomy":"category","embeddable":true,"href":"https:\/\/tvtecjundiai.com.br\/news\/wp-json\/wp\/v2\/categories?post=107124"},{"taxonomy":"post_tag","embeddable":true,"href":"https:\/\/tvtecjundiai.com.br\/news\/wp-json\/wp\/v2\/tags?post=107124"}],"curies":[{"name":"wp","href":"https:\/\/api.w.org\/{rel}","templated":true}]}}