{"id":107134,"date":"2023-03-27T14:40:23","date_gmt":"2023-03-27T17:40:23","guid":{"rendered":"https:\/\/tvtecjundiai.com.br\/news\/?p=107134"},"modified":"2023-03-27T14:40:24","modified_gmt":"2023-03-27T17:40:24","slug":"espetaculo-gratuito-sobre-vida-e-obra-de-elis-regina-e-nesta-quinta-30-no-polytheama","status":"publish","type":"post","link":"https:\/\/tvtecjundiai.com.br\/news\/2023\/03\/27\/espetaculo-gratuito-sobre-vida-e-obra-de-elis-regina-e-nesta-quinta-30-no-polytheama\/","title":{"rendered":"Espet\u00e1culo gratuito sobre vida e obra de Elis Regina \u00e9 nesta quinta (30), no Polytheama"},"content":{"rendered":"\n<p>Para marcar o encerramento do m\u00eas da Mulher, a Unidade de Gest\u00e3o de Cultura (UGC) programou para essa quinta-feira (30), a partir das 19h30, no Teatro Polytheama, mais uma edi\u00e7\u00e3o do projeto \u201cM\u00fasica &amp; Hist\u00f3rias\u201d, oportunidade que re\u00fane em uma mesma apresenta\u00e7\u00e3o m\u00fasicos, atores e bailarinos.<\/p>\n\n\n\n<p>Para essa edi\u00e7\u00e3o, o destaque \u00e9 para a vida e obra de Elis Regina, que no \u00faltimo dia 17 de mar\u00e7o teria completado 78 anos. Para interpretar os principais sucessos da cantora, foi convidada a cantora Kamila Martin, que estar\u00e1 acompanhada dos m\u00fasicos Cah\u00ea Boldrini (contrabaixo), D\u00f4 de Carvalho (saxofone e flauta), Sandro Oliveira (guitarra e viol\u00e3o), Ricardo Oliveira (bateria) e Ricardo Andr\u00e9 (piano).<\/p>\n\n\n<div class=\"wp-block-image\">\n<figure class=\"aligncenter size-large is-resized\"><img loading=\"lazy\" decoding=\"async\" src=\"https:\/\/tvtecjundiai.com.br\/news\/wp-content\/uploads\/sites\/2\/2023\/03\/47742505541_a5f1dffc4d_o-1200x827.jpg\" alt=\"\" class=\"wp-image-107135\" width=\"660\" height=\"454\" srcset=\"https:\/\/tvtecjundiai.com.br\/news\/wp-content\/uploads\/sites\/2\/2023\/03\/47742505541_a5f1dffc4d_o-1200x827.jpg 1200w, https:\/\/tvtecjundiai.com.br\/news\/wp-content\/uploads\/sites\/2\/2023\/03\/47742505541_a5f1dffc4d_o-300x207.jpg 300w, https:\/\/tvtecjundiai.com.br\/news\/wp-content\/uploads\/sites\/2\/2023\/03\/47742505541_a5f1dffc4d_o-768x529.jpg 768w, https:\/\/tvtecjundiai.com.br\/news\/wp-content\/uploads\/sites\/2\/2023\/03\/47742505541_a5f1dffc4d_o.jpg 1280w\" sizes=\"auto, (max-width: 660px) 100vw, 660px\" \/><figcaption class=\"wp-element-caption\">Projeto \u201cM\u00fasica &amp; Hist\u00f3rias\u201d homenageia Elis Regina<\/figcaption><\/figure>\n<\/div>\n\n\n<p><\/p>\n\n\n\n<p>Participam da apresenta\u00e7\u00e3o os atores Ana Paula Miurim e Rafael Ambrosin, e os bailarinos Tassia da Silva Costa e Leandro Pereira de Freitas.<\/p>\n\n\n\n<p>Elis Regina n\u00e3o era somente uma cantora, mas uma int\u00e9rprete \u00fanica, \u00e0 frente de seu tempo, exc\u00eantrica e cheia de personalidade, que se entregou por inteiro \u00e0 arte de tocar os cora\u00e7\u00f5es do p\u00fablico.<\/p>\n\n\n\n<p>Os ingressos gratuitos para \u201cM\u00fasica &amp; Hist\u00f3rias\u201d (limite de dois por pessoa) poder\u00e3o ser retirados a partir de ter\u00e7a-feira (28), pela plataforma Sympla ou na bilheteria do teatro, que fica na rua Bar\u00e3o de Jundia\u00ed, 176, Centro.<\/p>\n\n\n\n<p><strong><em>(Fonte: Prefeitura de Jundia\u00ed\/Imagem: Arquivo Nacional. Fundo Correio da Manh\u00e3)<\/em><\/strong><\/p>\n","protected":false},"excerpt":{"rendered":"<p>Apresenta\u00e7\u00e3o re\u00fane m\u00fasicos, atores e bailarinos<\/p>\n","protected":false},"author":30,"featured_media":107135,"comment_status":"closed","ping_status":"0","sticky":false,"template":"","format":"standard","meta":{"footnotes":""},"categories":[2833,8356,1],"tags":[],"class_list":["post-107134","post","type-post","status-publish","format-standard","has-post-thumbnail","hentry","category-cultura","category-jundiai","category-noticias"],"_links":{"self":[{"href":"https:\/\/tvtecjundiai.com.br\/news\/wp-json\/wp\/v2\/posts\/107134","targetHints":{"allow":["GET"]}}],"collection":[{"href":"https:\/\/tvtecjundiai.com.br\/news\/wp-json\/wp\/v2\/posts"}],"about":[{"href":"https:\/\/tvtecjundiai.com.br\/news\/wp-json\/wp\/v2\/types\/post"}],"author":[{"embeddable":true,"href":"https:\/\/tvtecjundiai.com.br\/news\/wp-json\/wp\/v2\/users\/30"}],"replies":[{"embeddable":true,"href":"https:\/\/tvtecjundiai.com.br\/news\/wp-json\/wp\/v2\/comments?post=107134"}],"version-history":[{"count":1,"href":"https:\/\/tvtecjundiai.com.br\/news\/wp-json\/wp\/v2\/posts\/107134\/revisions"}],"predecessor-version":[{"id":107136,"href":"https:\/\/tvtecjundiai.com.br\/news\/wp-json\/wp\/v2\/posts\/107134\/revisions\/107136"}],"wp:featuredmedia":[{"embeddable":true,"href":"https:\/\/tvtecjundiai.com.br\/news\/wp-json\/wp\/v2\/media\/107135"}],"wp:attachment":[{"href":"https:\/\/tvtecjundiai.com.br\/news\/wp-json\/wp\/v2\/media?parent=107134"}],"wp:term":[{"taxonomy":"category","embeddable":true,"href":"https:\/\/tvtecjundiai.com.br\/news\/wp-json\/wp\/v2\/categories?post=107134"},{"taxonomy":"post_tag","embeddable":true,"href":"https:\/\/tvtecjundiai.com.br\/news\/wp-json\/wp\/v2\/tags?post=107134"}],"curies":[{"name":"wp","href":"https:\/\/api.w.org\/{rel}","templated":true}]}}