{"id":107152,"date":"2023-03-27T16:55:31","date_gmt":"2023-03-27T19:55:31","guid":{"rendered":"https:\/\/tvtecjundiai.com.br\/news\/?p=107152"},"modified":"2023-03-28T09:37:10","modified_gmt":"2023-03-28T12:37:10","slug":"horas-extras-devem-entrar-em-calculo-de-13-salario-ferias-e-fgts-decide-tst","status":"publish","type":"post","link":"https:\/\/tvtecjundiai.com.br\/news\/2023\/03\/27\/horas-extras-devem-entrar-em-calculo-de-13-salario-ferias-e-fgts-decide-tst\/","title":{"rendered":"Horas extras devem entrar em c\u00e1lculo de 13\u00b0 sal\u00e1rio, f\u00e9rias e FGTS, decide TST"},"content":{"rendered":"\n<p>O&nbsp;Tribunal Superior do Trabalho (TST)&nbsp;decidiu que as horas extras feitas pelo trabalhador tamb\u00e9m devem entrar no c\u00e1lculo de benef\u00edcios, como&nbsp;f\u00e9rias,&nbsp;13\u00ba sal\u00e1rio, aviso pr\u00e9vio e&nbsp;FGTS. O novo c\u00e1lculo vale nos casos em que a hora extra foi incorporada ao descanso semanal remunerado. A regra come\u00e7ou a valer no dia 20 deste m\u00eas.<\/p>\n\n\n\n<p>A quest\u00e3o foi decidida pelos ministros do TST na segunda-feira, 20. Conforme o novo entendimento do plen\u00e1rio, o aumento dos valores a receber pelo descanso remunerado deve repercutir nos outros direitos trabalhistas e n\u00e3o pode ser considerado como c\u00e1lculo duplicado.<\/p>\n\n\n\n<p>Durante o julgamento, o relator do processo, ministro Amaury Rodrigues, explicou que a hora extra trabalhada durante a semana \u00e9 somada ao c\u00e1lculo do descanso semanal e, a partir de agora, ser\u00e1 computada em outros direitos.<\/p>\n\n\n\n<p>\u201cO c\u00e1lculo das horas extras \u00e9 elaborado mediante a utiliza\u00e7\u00e3o de um divisor que isola o valor do sal\u00e1rio-hora, excluindo de sua g\u00eanese qualquer influ\u00eancia do repouso semanal remunerado pelo sal\u00e1rio mensal, de modo que est\u00e3o aritmeticamente separados os valores das horas extras e das diferen\u00e7as de RSR [Repouso Semanal Remunerado] apuradas em decorr\u00eancia dos reflexos daquelas horas extras\u201d, disse.<\/p>\n\n\n<div class=\"wp-block-image\">\n<figure class=\"aligncenter size-full is-resized\"><img loading=\"lazy\" decoding=\"async\" src=\"https:\/\/tvtecjundiai.com.br\/news\/wp-content\/uploads\/sites\/2\/2023\/03\/O-que-e-o-13o-salario.jpg\" alt=\"\" class=\"wp-image-107153\" width=\"719\" height=\"476\" srcset=\"https:\/\/tvtecjundiai.com.br\/news\/wp-content\/uploads\/sites\/2\/2023\/03\/O-que-e-o-13o-salario.jpg 800w, https:\/\/tvtecjundiai.com.br\/news\/wp-content\/uploads\/sites\/2\/2023\/03\/O-que-e-o-13o-salario-300x199.jpg 300w, https:\/\/tvtecjundiai.com.br\/news\/wp-content\/uploads\/sites\/2\/2023\/03\/O-que-e-o-13o-salario-768x509.jpg 768w\" sizes=\"auto, (max-width: 719px) 100vw, 719px\" \/><\/figure>\n<\/div>\n\n\n<p><strong><em>(Fonte\/Imagem: Estad\u00e3o)<\/em><\/strong><\/p>\n","protected":false},"excerpt":{"rendered":"<p>A regra come\u00e7ou a valer no dia 20 de mar\u00e7o<\/p>\n","protected":false},"author":30,"featured_media":107153,"comment_status":"closed","ping_status":"0","sticky":false,"template":"","format":"standard","meta":{"footnotes":""},"categories":[8356,1],"tags":[],"class_list":["post-107152","post","type-post","status-publish","format-standard","has-post-thumbnail","hentry","category-jundiai","category-noticias"],"_links":{"self":[{"href":"https:\/\/tvtecjundiai.com.br\/news\/wp-json\/wp\/v2\/posts\/107152","targetHints":{"allow":["GET"]}}],"collection":[{"href":"https:\/\/tvtecjundiai.com.br\/news\/wp-json\/wp\/v2\/posts"}],"about":[{"href":"https:\/\/tvtecjundiai.com.br\/news\/wp-json\/wp\/v2\/types\/post"}],"author":[{"embeddable":true,"href":"https:\/\/tvtecjundiai.com.br\/news\/wp-json\/wp\/v2\/users\/30"}],"replies":[{"embeddable":true,"href":"https:\/\/tvtecjundiai.com.br\/news\/wp-json\/wp\/v2\/comments?post=107152"}],"version-history":[{"count":3,"href":"https:\/\/tvtecjundiai.com.br\/news\/wp-json\/wp\/v2\/posts\/107152\/revisions"}],"predecessor-version":[{"id":107165,"href":"https:\/\/tvtecjundiai.com.br\/news\/wp-json\/wp\/v2\/posts\/107152\/revisions\/107165"}],"wp:featuredmedia":[{"embeddable":true,"href":"https:\/\/tvtecjundiai.com.br\/news\/wp-json\/wp\/v2\/media\/107153"}],"wp:attachment":[{"href":"https:\/\/tvtecjundiai.com.br\/news\/wp-json\/wp\/v2\/media?parent=107152"}],"wp:term":[{"taxonomy":"category","embeddable":true,"href":"https:\/\/tvtecjundiai.com.br\/news\/wp-json\/wp\/v2\/categories?post=107152"},{"taxonomy":"post_tag","embeddable":true,"href":"https:\/\/tvtecjundiai.com.br\/news\/wp-json\/wp\/v2\/tags?post=107152"}],"curies":[{"name":"wp","href":"https:\/\/api.w.org\/{rel}","templated":true}]}}