{"id":107167,"date":"2023-03-28T11:11:51","date_gmt":"2023-03-28T14:11:51","guid":{"rendered":"https:\/\/tvtecjundiai.com.br\/news\/?p=107167"},"modified":"2023-03-28T11:11:52","modified_gmt":"2023-03-28T14:11:52","slug":"em-abril-polytheama-recebe-espetaculo-quase-normal-com-monique-alfradique","status":"publish","type":"post","link":"https:\/\/tvtecjundiai.com.br\/news\/2023\/03\/28\/em-abril-polytheama-recebe-espetaculo-quase-normal-com-monique-alfradique\/","title":{"rendered":"Em abril, Polytheama recebe espet\u00e1culo &#8216;Quase normal&#8217;, com Monique Alfradique"},"content":{"rendered":"\n<p>No s\u00e1bado, dia 8 de abril, \u00e0s 20h, o Teatro Polytheama recebe o espet\u00e1culo &#8216;Quase Normal&#8217;, com Monique Alfradique. Com exibi\u00e7\u00e3o \u00fanica na cidade, este \u00e9 o primeiro mon\u00f3logo da carreira da atriz, uma com\u00e9dia dirigida por Rafael Primot.<\/p>\n\n\n\n<p>Os ingressos custam R$ 100 a inteira e R$ 50 a meia-entrada para plateia, frisa e camarotes, e R$ 80 a inteira e R$ 40 a meia-entrada para galeria. As vendas s\u00e3o feitas pela bilheteria do teatro ou plataforma Sympla.<\/p>\n\n\n<div class=\"wp-block-image\">\n<figure class=\"aligncenter size-full is-resized\"><img loading=\"lazy\" decoding=\"async\" src=\"https:\/\/tvtecjundiai.com.br\/news\/wp-content\/uploads\/sites\/2\/2023\/03\/monique-alfradique.jpg\" alt=\"\" class=\"wp-image-107170\" width=\"658\" height=\"458\" srcset=\"https:\/\/tvtecjundiai.com.br\/news\/wp-content\/uploads\/sites\/2\/2023\/03\/monique-alfradique.jpg 690w, https:\/\/tvtecjundiai.com.br\/news\/wp-content\/uploads\/sites\/2\/2023\/03\/monique-alfradique-300x209.jpg 300w\" sizes=\"auto, (max-width: 658px) 100vw, 658px\" \/><figcaption class=\"wp-element-caption\">Foto: Instagram @quase.normal<\/figcaption><\/figure>\n<\/div>\n\n\n<p><\/p>\n\n\n\n<p>No solo, Monique d\u00e1 vida a uma mulher contempor\u00e2nea cheia de dilemas e perturba\u00e7\u00f5es. Depois de atravessar decep\u00e7\u00f5es amorosas, fracassos profissionais e experi\u00eancias nada convencionais no mundo virtual, ela segue incans\u00e1vel na busca de realizar seus desejos e de se encontrar.<\/p>\n\n\n\n<p>Al\u00e9m de se meter em situa\u00e7\u00f5es hil\u00e1rias, a personagem tamb\u00e9m sente a press\u00e3o da sociedade para se enquadrar naquela velha moral e nos bons costumes, e agir como uma mulher &#8220;normal&#8221;. <\/p>\n\n\n\n<p>&#8220;O espet\u00e1culo tem a fun\u00e7\u00e3o de falar sobre a autoestima da mulher contempor\u00e2nea, que sofre press\u00e3o para ser m\u00e3e, para ter um casamento perfeito, ser bem-sucedida profissionalmente. Acontece que isso tudo n\u00e3o faz parte do plano de vida de todas. Mas a gente sofre muita press\u00e3o di\u00e1ria&#8221;, explica Monique.<\/p>\n\n\n\n<p>Sufocada, ansiosa e impulsiva em muitos momentos da narrativa, a mulher contempor\u00e2nea que Monique interpreta mergulha em quest\u00f5es existenciais mais profundas, segundo a atriz. &#8220;Venci na vida? Sou suficientemente independente? Sou bem-sucedida? Sou amada? Sei amar? Acho que a pe\u00e7a ressalta o poder feminino, fala que a mulher pode aceitar o pr\u00f3prio corpo apesar da imposi\u00e7\u00e3o dos padr\u00f5es est\u00e9ticos&#8221;, analisa Monique, que assina o texto do mon\u00f3logo junto com o diretor Rafael Primot.<\/p>\n\n\n\n<p><em><strong>(Fonte: Teatro GT\/Imagem: Reprodu\u00e7\u00e3o\/Instagram @quase.normal)<\/strong><\/em><\/p>\n","protected":false},"excerpt":{"rendered":"<p>\u00c9 o primeiro mon\u00f3logo da carreira da atriz, uma com\u00e9dia dirigida por Rafael Primot<\/p>\n","protected":false},"author":30,"featured_media":107170,"comment_status":"closed","ping_status":"0","sticky":false,"template":"","format":"standard","meta":{"footnotes":""},"categories":[2833,8356,1],"tags":[],"class_list":["post-107167","post","type-post","status-publish","format-standard","has-post-thumbnail","hentry","category-cultura","category-jundiai","category-noticias"],"_links":{"self":[{"href":"https:\/\/tvtecjundiai.com.br\/news\/wp-json\/wp\/v2\/posts\/107167","targetHints":{"allow":["GET"]}}],"collection":[{"href":"https:\/\/tvtecjundiai.com.br\/news\/wp-json\/wp\/v2\/posts"}],"about":[{"href":"https:\/\/tvtecjundiai.com.br\/news\/wp-json\/wp\/v2\/types\/post"}],"author":[{"embeddable":true,"href":"https:\/\/tvtecjundiai.com.br\/news\/wp-json\/wp\/v2\/users\/30"}],"replies":[{"embeddable":true,"href":"https:\/\/tvtecjundiai.com.br\/news\/wp-json\/wp\/v2\/comments?post=107167"}],"version-history":[{"count":1,"href":"https:\/\/tvtecjundiai.com.br\/news\/wp-json\/wp\/v2\/posts\/107167\/revisions"}],"predecessor-version":[{"id":107171,"href":"https:\/\/tvtecjundiai.com.br\/news\/wp-json\/wp\/v2\/posts\/107167\/revisions\/107171"}],"wp:featuredmedia":[{"embeddable":true,"href":"https:\/\/tvtecjundiai.com.br\/news\/wp-json\/wp\/v2\/media\/107170"}],"wp:attachment":[{"href":"https:\/\/tvtecjundiai.com.br\/news\/wp-json\/wp\/v2\/media?parent=107167"}],"wp:term":[{"taxonomy":"category","embeddable":true,"href":"https:\/\/tvtecjundiai.com.br\/news\/wp-json\/wp\/v2\/categories?post=107167"},{"taxonomy":"post_tag","embeddable":true,"href":"https:\/\/tvtecjundiai.com.br\/news\/wp-json\/wp\/v2\/tags?post=107167"}],"curies":[{"name":"wp","href":"https:\/\/api.w.org\/{rel}","templated":true}]}}