{"id":107179,"date":"2023-03-28T11:55:23","date_gmt":"2023-03-28T14:55:23","guid":{"rendered":"https:\/\/tvtecjundiai.com.br\/news\/?p=107179"},"modified":"2023-03-28T13:06:43","modified_gmt":"2023-03-28T16:06:43","slug":"comercios-interessados-em-funcionar-nos-feriados-de-abril-devem-solicitar-adesao-ao-sincomercio","status":"publish","type":"post","link":"https:\/\/tvtecjundiai.com.br\/news\/2023\/03\/28\/comercios-interessados-em-funcionar-nos-feriados-de-abril-devem-solicitar-adesao-ao-sincomercio\/","title":{"rendered":"Com\u00e9rcios interessados em funcionar nos feriados de abril devem solicitar ades\u00e3o"},"content":{"rendered":"\n<p>O Sindicato do Com\u00e9rcio Varejista de Jundia\u00ed e Regi\u00e3o (Sincomercio) informa que os empres\u00e1rios que tiverem interesse em trabalhar nos feriados de abril, dias 7 (Paix\u00e3o de Cristo) e 21 (Tiradentes), dever\u00e3o procurar a entidade patronal com anteced\u00eancia para solicitar a ades\u00e3o.<\/p>\n\n\n\n<p>A entidade ressalta que o empres\u00e1rio que optar pela abertura no feriado dever\u00e1 cumprir as normas previstas na Conven\u00e7\u00e3o Coletiva de Trabalho (CCT), como pagamento de horas-extras, concess\u00e3o de folga compensat\u00f3ria, vale-transporte e alimenta\u00e7\u00e3o. Vale destacar que a abertura aos feriados \u00e9 garantida pela CCT, que re\u00fane as regras trabalhistas acordadas entre o sindicato patronal e profissional.<\/p>\n\n\n<div class=\"wp-block-image\">\n<figure class=\"aligncenter size-full is-resized\"><img loading=\"lazy\" decoding=\"async\" src=\"https:\/\/tvtecjundiai.com.br\/news\/wp-content\/uploads\/sites\/2\/2023\/03\/Comercio-central-de-Jundiai-2-Divulgacao-768x512-1.jpeg\" alt=\"\" class=\"wp-image-106215\" width=\"686\" height=\"456\" srcset=\"https:\/\/tvtecjundiai.com.br\/news\/wp-content\/uploads\/sites\/2\/2023\/03\/Comercio-central-de-Jundiai-2-Divulgacao-768x512-1.jpeg 768w, https:\/\/tvtecjundiai.com.br\/news\/wp-content\/uploads\/sites\/2\/2023\/03\/Comercio-central-de-Jundiai-2-Divulgacao-768x512-1-300x200.jpeg 300w\" sizes=\"auto, (max-width: 686px) 100vw, 686px\" \/><\/figure>\n<\/div>\n\n\n<p><\/p>\n\n\n\n<p><strong>Como solicitar?<\/strong><\/p>\n\n\n\n<p>O pedido do Certificado de&nbsp;Ades\u00e3o&nbsp;para Trabalho em&nbsp;Feriados&nbsp;pode ser feito&nbsp;pelo menos 15 dias antes por meio do&nbsp;site&nbsp;<a rel=\"noreferrer noopener\" href=\"http:\/\/www.sincomerciojundiai.com.br\/\" target=\"_blank\">www.sincomerciojundiai.com.br<\/a>&nbsp;(Solicita\u00e7\u00e3o de abertura no&nbsp;feriado). Para mais informa\u00e7\u00f5es, basta ligar para o n\u00famero (11) 4583-1410 ou entrar em contato pelos e-mails&nbsp;<a rel=\"noreferrer noopener\" href=\"mailto:cadastro@sincomerciojundiai.com.br\" target=\"_blank\">cadastro@sincomerciojundiai.com.br<\/a>&nbsp;e&nbsp;<a rel=\"noreferrer noopener\" href=\"mailto:comercial@sincomerciojundiai.com.br\" target=\"_blank\">comercial@sincomerciojundiai.com.br<\/a><\/p>\n\n\n\n<p>\u201cOs comerciantes devem aproveitar a oportunidade para as vendas de produtos espec\u00edficos para o outono, devem atrair a aten\u00e7\u00e3o dos consumidores com facilidade de pagamento e apostar em promo\u00e7\u00f5es para o Dia das M\u00e3es, celebrado em 8 de maio\u201d, avalia Edison Maltoni, presidente do&nbsp;Sincomercio.&nbsp;<\/p>\n\n\n\n<p><em><strong>(Fonte: Sincomercio Jundia\u00ed\/Imagem: Divulga\u00e7\u00e3o)<\/strong><\/em><\/p>\n","protected":false},"excerpt":{"rendered":"<p>Empres\u00e1rios devem cumprir as normas previstas na Conven\u00e7\u00e3o Coletiva de Trabalho (CCT)<\/p>\n","protected":false},"author":30,"featured_media":106215,"comment_status":"closed","ping_status":"0","sticky":false,"template":"","format":"standard","meta":{"footnotes":""},"categories":[2834,8356,1],"tags":[],"class_list":["post-107179","post","type-post","status-publish","format-standard","has-post-thumbnail","hentry","category-cidades","category-jundiai","category-noticias"],"_links":{"self":[{"href":"https:\/\/tvtecjundiai.com.br\/news\/wp-json\/wp\/v2\/posts\/107179","targetHints":{"allow":["GET"]}}],"collection":[{"href":"https:\/\/tvtecjundiai.com.br\/news\/wp-json\/wp\/v2\/posts"}],"about":[{"href":"https:\/\/tvtecjundiai.com.br\/news\/wp-json\/wp\/v2\/types\/post"}],"author":[{"embeddable":true,"href":"https:\/\/tvtecjundiai.com.br\/news\/wp-json\/wp\/v2\/users\/30"}],"replies":[{"embeddable":true,"href":"https:\/\/tvtecjundiai.com.br\/news\/wp-json\/wp\/v2\/comments?post=107179"}],"version-history":[{"count":2,"href":"https:\/\/tvtecjundiai.com.br\/news\/wp-json\/wp\/v2\/posts\/107179\/revisions"}],"predecessor-version":[{"id":107181,"href":"https:\/\/tvtecjundiai.com.br\/news\/wp-json\/wp\/v2\/posts\/107179\/revisions\/107181"}],"wp:featuredmedia":[{"embeddable":true,"href":"https:\/\/tvtecjundiai.com.br\/news\/wp-json\/wp\/v2\/media\/106215"}],"wp:attachment":[{"href":"https:\/\/tvtecjundiai.com.br\/news\/wp-json\/wp\/v2\/media?parent=107179"}],"wp:term":[{"taxonomy":"category","embeddable":true,"href":"https:\/\/tvtecjundiai.com.br\/news\/wp-json\/wp\/v2\/categories?post=107179"},{"taxonomy":"post_tag","embeddable":true,"href":"https:\/\/tvtecjundiai.com.br\/news\/wp-json\/wp\/v2\/tags?post=107179"}],"curies":[{"name":"wp","href":"https:\/\/api.w.org\/{rel}","templated":true}]}}