{"id":107182,"date":"2023-03-28T13:23:23","date_gmt":"2023-03-28T16:23:23","guid":{"rendered":"https:\/\/tvtecjundiai.com.br\/news\/?p=107182"},"modified":"2023-03-28T13:23:24","modified_gmt":"2023-03-28T16:23:24","slug":"carro-divertido-e-personalizado-vira-nova-atracao-no-mundo-das-criancas","status":"publish","type":"post","link":"https:\/\/tvtecjundiai.com.br\/news\/2023\/03\/28\/carro-divertido-e-personalizado-vira-nova-atracao-no-mundo-das-criancas\/","title":{"rendered":"Carro divertido e personalizado vira nova atra\u00e7\u00e3o no Mundo das Crian\u00e7as"},"content":{"rendered":"\n<p>O Mundo das Crian\u00e7as acaba de ganhar mais uma atra\u00e7\u00e3o, na \u00e1rea gramada pr\u00f3xima aos lagos. Instalado ao lado de outros ve\u00edculos de carga, um novo carro est\u00e1 totalmente preparado para receber as crian\u00e7as para muitas brincadeiras.<\/p>\n\n\n\n<p>Assim como o trator e o caminh\u00e3o que j\u00e1 est\u00e3o no local desde o in\u00edcio das atividades do Mundo, o ve\u00edculo ganhou um novo significado ao ser descartado como utilit\u00e1rio e incorporado \u00e0s atra\u00e7\u00f5es do parque.<\/p>\n\n\n<div class=\"wp-block-image\">\n<figure class=\"aligncenter size-large is-resized\"><img loading=\"lazy\" decoding=\"async\" src=\"https:\/\/tvtecjundiai.com.br\/news\/wp-content\/uploads\/sites\/2\/2023\/03\/nova-atracao-mundo-1200x900.jpeg\" alt=\"\" class=\"wp-image-107184\" width=\"639\" height=\"479\" srcset=\"https:\/\/tvtecjundiai.com.br\/news\/wp-content\/uploads\/sites\/2\/2023\/03\/nova-atracao-mundo-1200x900.jpeg 1200w, https:\/\/tvtecjundiai.com.br\/news\/wp-content\/uploads\/sites\/2\/2023\/03\/nova-atracao-mundo-300x225.jpeg 300w, https:\/\/tvtecjundiai.com.br\/news\/wp-content\/uploads\/sites\/2\/2023\/03\/nova-atracao-mundo-768x576.jpeg 768w, https:\/\/tvtecjundiai.com.br\/news\/wp-content\/uploads\/sites\/2\/2023\/03\/nova-atracao-mundo.jpeg 1280w\" sizes=\"auto, (max-width: 639px) 100vw, 639px\" \/><\/figure>\n<\/div>\n\n\n<p><\/p>\n\n\n\n<p>\u201cNum mundo preso \u00e0s conven\u00e7\u00f5es de mobilidade automotiva, operacional, polui\u00e7\u00e3o e urbanismo desumanizado, a DAE, por meio do Mundo, apresenta novas pe\u00e7as que d\u00e3o utilidade l\u00fadica para ve\u00edculos de sua frota\u201d, destaca Walter da Costa e Silva Filho, diretor presidente da DAE Jundia\u00ed, empresa respons\u00e1vel pela administra\u00e7\u00e3o do complexo de parques composto pelo Mundo das Crian\u00e7as e Parque da Cidade.<\/p>\n\n\n\n<p>Segundo Walter, o visual colorido das pe\u00e7as \u2013 agora \u201caposentadas\u201d da condi\u00e7\u00e3o de ve\u00edculos de transporte e servi\u00e7os \u2013 est\u00e1 longe de ser uma exalta\u00e7\u00e3o \u00e0 ind\u00fastria automotiva. \u201cEsse reaproveitamento da nossa frota, ou seja, a reutiliza\u00e7\u00e3o destas m\u00e1quinas em atividades recreativas para as crian\u00e7as, d\u00e1 um novo sentido \u00e0 exist\u00eancia destes autom\u00f3veis, em um parque criado para inverter conven\u00e7\u00f5es e estimular experimenta\u00e7\u00f5es aos frequentadores\u201d, acrescenta.<\/p>\n\n\n<div class=\"wp-block-image\">\n<figure class=\"aligncenter size-large is-resized\"><img loading=\"lazy\" decoding=\"async\" src=\"https:\/\/tvtecjundiai.com.br\/news\/wp-content\/uploads\/sites\/2\/2023\/03\/whatsapp-image-2023-03-28-at-10-50-16-1200x900.jpeg\" alt=\"\" class=\"wp-image-107185\" width=\"625\" height=\"469\" srcset=\"https:\/\/tvtecjundiai.com.br\/news\/wp-content\/uploads\/sites\/2\/2023\/03\/whatsapp-image-2023-03-28-at-10-50-16-1200x900.jpeg 1200w, https:\/\/tvtecjundiai.com.br\/news\/wp-content\/uploads\/sites\/2\/2023\/03\/whatsapp-image-2023-03-28-at-10-50-16-300x225.jpeg 300w, https:\/\/tvtecjundiai.com.br\/news\/wp-content\/uploads\/sites\/2\/2023\/03\/whatsapp-image-2023-03-28-at-10-50-16-768x576.jpeg 768w, https:\/\/tvtecjundiai.com.br\/news\/wp-content\/uploads\/sites\/2\/2023\/03\/whatsapp-image-2023-03-28-at-10-50-16.jpeg 1280w\" sizes=\"auto, (max-width: 625px) 100vw, 625px\" \/><\/figure>\n<\/div>\n\n\n<p><\/p>\n\n\n\n<p><strong>Prote\u00e7\u00e3o e divers\u00e3o<\/strong><\/p>\n\n\n\n<p>De acordo com as premissas que ressaltam a cultura do brincar exaltada dentro das pol\u00edticas p\u00fablicas que fizeram de Jundia\u00ed a sede brasileira da Rede Cidade das Crian\u00e7as, o Mundo \u00e9 um parque gratuito que iniciou suas atividades h\u00e1 pouco mais de dois anos, com atra\u00e7\u00f5es nomeadas em homenagem \u00e0 fauna silvestre que habita a Serra do Japi.<\/p>\n\n\n\n<p>\u201cTemos muito orgulho em contar com nossos parques instalados \u00e0s margens da represa de Acumula\u00e7\u00e3o, respons\u00e1vel pelo abastecimento de cerca de 95% de Jundia\u00ed. \u00c9 um espa\u00e7o imenso dedicado \u00e0 preserva\u00e7\u00e3o do meio ambiente, preocupa\u00e7\u00e3o com a inf\u00e2ncia e que devolve \u00e0s fam\u00edlias tudo o que o munic\u00edpio pode oferecer de melhor\u201d, finaliza Walter.<\/p>\n\n\n\n<p><strong><em>(Fonte\/Imagens: Prefeitura de Jundia\u00ed)<\/em><\/strong><\/p>\n","protected":false},"excerpt":{"rendered":"<p>Ve\u00edculo permite que as crian\u00e7as brinquem e tirem muitas fotos<\/p>\n","protected":false},"author":30,"featured_media":107184,"comment_status":"closed","ping_status":"0","sticky":false,"template":"","format":"standard","meta":{"footnotes":""},"categories":[8356,8354,1],"tags":[],"class_list":["post-107182","post","type-post","status-publish","format-standard","has-post-thumbnail","hentry","category-jundiai","category-lazer","category-noticias"],"_links":{"self":[{"href":"https:\/\/tvtecjundiai.com.br\/news\/wp-json\/wp\/v2\/posts\/107182","targetHints":{"allow":["GET"]}}],"collection":[{"href":"https:\/\/tvtecjundiai.com.br\/news\/wp-json\/wp\/v2\/posts"}],"about":[{"href":"https:\/\/tvtecjundiai.com.br\/news\/wp-json\/wp\/v2\/types\/post"}],"author":[{"embeddable":true,"href":"https:\/\/tvtecjundiai.com.br\/news\/wp-json\/wp\/v2\/users\/30"}],"replies":[{"embeddable":true,"href":"https:\/\/tvtecjundiai.com.br\/news\/wp-json\/wp\/v2\/comments?post=107182"}],"version-history":[{"count":2,"href":"https:\/\/tvtecjundiai.com.br\/news\/wp-json\/wp\/v2\/posts\/107182\/revisions"}],"predecessor-version":[{"id":107186,"href":"https:\/\/tvtecjundiai.com.br\/news\/wp-json\/wp\/v2\/posts\/107182\/revisions\/107186"}],"wp:featuredmedia":[{"embeddable":true,"href":"https:\/\/tvtecjundiai.com.br\/news\/wp-json\/wp\/v2\/media\/107184"}],"wp:attachment":[{"href":"https:\/\/tvtecjundiai.com.br\/news\/wp-json\/wp\/v2\/media?parent=107182"}],"wp:term":[{"taxonomy":"category","embeddable":true,"href":"https:\/\/tvtecjundiai.com.br\/news\/wp-json\/wp\/v2\/categories?post=107182"},{"taxonomy":"post_tag","embeddable":true,"href":"https:\/\/tvtecjundiai.com.br\/news\/wp-json\/wp\/v2\/tags?post=107182"}],"curies":[{"name":"wp","href":"https:\/\/api.w.org\/{rel}","templated":true}]}}