{"id":107191,"date":"2023-03-28T13:49:12","date_gmt":"2023-03-28T16:49:12","guid":{"rendered":"https:\/\/tvtecjundiai.com.br\/news\/?p=107191"},"modified":"2023-03-28T13:49:19","modified_gmt":"2023-03-28T16:49:19","slug":"esporte-abre-inscricoes-para-seletiva-de-futebol-masculino","status":"publish","type":"post","link":"https:\/\/tvtecjundiai.com.br\/news\/2023\/03\/28\/esporte-abre-inscricoes-para-seletiva-de-futebol-masculino\/","title":{"rendered":"Esporte abre inscri\u00e7\u00f5es para seletiva de Futebol Masculino"},"content":{"rendered":"\n<p>A seletiva de Futebol Masculino, que ser\u00e1 realizada no dia 15 de abril, a partir das 8h, no Centro Esportivo Rom\u00e3o de Souza, na Col\u00f4nia, busca por atletas da regi\u00e3o. Podem participar meninos das categorias Sub-11, Sub-13 e Sub-15. <a rel=\"noreferrer noopener\" href=\"https:\/\/docs.google.com\/forms\/d\/e\/1FAIpQLSdXZN8-1nv0QuuJQLB6HiTX0xHK7CGgbweGpmfF06ivaM6MbA\/viewform\" target=\"_blank\">As inscri\u00e7\u00f5es est\u00e3o abertas e podem ser realizadas online<\/a>.<\/p>\n\n\n\n<p>As vagas s\u00e3o limitadas e as<strong>&nbsp;<\/strong>inscri\u00e7\u00f5es poder\u00e3o ser&nbsp;encerradas antecipadamente pela organiza\u00e7\u00e3o caso atinjam o limite m\u00e1ximo de participantes. \u201c Nossa expectativa \u00e9, antes de mais nada, trazer a pr\u00e1tica do esporte para o conv\u00edvio dessas crian\u00e7as e adolescentes. E, al\u00e9m disso, tamb\u00e9m fomentar a modalidade em Jundia\u00ed e disputar campeonatos\u201d, explica a educadora esportiva, Milena Adelaide.<\/p>\n\n\n\n<p>A participa\u00e7\u00e3o do jovem na seletiva de Futebol Masculino n\u00e3o garante a vaga no Time Jundia\u00ed. Os atletas selecionados ser\u00e3o convidados a treinar com a equipe e poder\u00e3o vir a representar a cidade de Jundia\u00ed em campeonatos e torneios oficiais. \u201c\u00c9 uma \u00f3tima oportunidade para o jovem conhecer o dia a dia da pr\u00e1tica de futebol e dar o primeiro passo para conseguir realizar o sonho de ser jogador de futebol\u201d, lembra o educador esportivo, Walter Mendes.<\/p>\n\n\n\n<p>No dia da seletiva, o atleta deve chegar com 15 minutos de anteced\u00eancia, trajando roupa adequada para a pr\u00e1tica esportiva e apresentar um documento com foto. No mesmo dia da seletiva, as equipes do Time Jundia\u00ed entrar\u00e3o em contato com os alunos selecionados.<\/p>\n\n\n\n<figure class=\"wp-block-image size-full\"><img loading=\"lazy\" decoding=\"async\" width=\"1160\" height=\"785\" src=\"https:\/\/tvtecjundiai.com.br\/news\/wp-content\/uploads\/sites\/2\/2023\/03\/futebol_dalsanto-155-1160x785-1.jpg\" alt=\"\" class=\"wp-image-107192\" srcset=\"https:\/\/tvtecjundiai.com.br\/news\/wp-content\/uploads\/sites\/2\/2023\/03\/futebol_dalsanto-155-1160x785-1.jpg 1160w, https:\/\/tvtecjundiai.com.br\/news\/wp-content\/uploads\/sites\/2\/2023\/03\/futebol_dalsanto-155-1160x785-1-300x203.jpg 300w, https:\/\/tvtecjundiai.com.br\/news\/wp-content\/uploads\/sites\/2\/2023\/03\/futebol_dalsanto-155-1160x785-1-768x520.jpg 768w\" sizes=\"auto, (max-width: 1160px) 100vw, 1160px\" \/><figcaption class=\"wp-element-caption\">Seletiva de futebol vai escolher atletas para o Time Jundia\u00ed<\/figcaption><\/figure>\n\n\n\n<p><\/p>\n\n\n\n<p><strong>Seletiva de Futebol Masculino<\/strong><br>Data: 15\/04\/2023 \u2013 s\u00e1bado \u2013 a partir das 8h<br>Local: CECE Rom\u00e3o de Souza \u2013 Rua Lu\u00eds Benachio, s\/n \u2013 Col\u00f4nia \u2013 Jundia\u00ed \u2013 SP<br>Per\u00edodo de inscri\u00e7\u00f5es: at\u00e9 13\/04\/2023 (vagas limitadas)<\/p>\n\n\n\n<p><strong>Hor\u00e1rios<\/strong><br>8h00 \u2013\u00a0Sub-11 (Nascidos em 2012\/2013)\u00a0<br>9h30 \u2013 Sub-13 (Nascidos em 2010\/2011)<br>11h00 \u2013 Sub-15 (Nascidos em 2008\/2009)<\/p>\n\n\n\n<p><strong><em>(Fonte\/Imagem: Prefeitura de Jundia\u00ed)<\/em><\/strong><\/p>\n","protected":false},"excerpt":{"rendered":"<p>Podem participar meninos das categorias Sub-11, Sub-13 e Sub-15<\/p>\n","protected":false},"author":30,"featured_media":107192,"comment_status":"closed","ping_status":"0","sticky":false,"template":"","format":"standard","meta":{"footnotes":""},"categories":[8356,1],"tags":[],"class_list":["post-107191","post","type-post","status-publish","format-standard","has-post-thumbnail","hentry","category-jundiai","category-noticias"],"_links":{"self":[{"href":"https:\/\/tvtecjundiai.com.br\/news\/wp-json\/wp\/v2\/posts\/107191","targetHints":{"allow":["GET"]}}],"collection":[{"href":"https:\/\/tvtecjundiai.com.br\/news\/wp-json\/wp\/v2\/posts"}],"about":[{"href":"https:\/\/tvtecjundiai.com.br\/news\/wp-json\/wp\/v2\/types\/post"}],"author":[{"embeddable":true,"href":"https:\/\/tvtecjundiai.com.br\/news\/wp-json\/wp\/v2\/users\/30"}],"replies":[{"embeddable":true,"href":"https:\/\/tvtecjundiai.com.br\/news\/wp-json\/wp\/v2\/comments?post=107191"}],"version-history":[{"count":1,"href":"https:\/\/tvtecjundiai.com.br\/news\/wp-json\/wp\/v2\/posts\/107191\/revisions"}],"predecessor-version":[{"id":107193,"href":"https:\/\/tvtecjundiai.com.br\/news\/wp-json\/wp\/v2\/posts\/107191\/revisions\/107193"}],"wp:featuredmedia":[{"embeddable":true,"href":"https:\/\/tvtecjundiai.com.br\/news\/wp-json\/wp\/v2\/media\/107192"}],"wp:attachment":[{"href":"https:\/\/tvtecjundiai.com.br\/news\/wp-json\/wp\/v2\/media?parent=107191"}],"wp:term":[{"taxonomy":"category","embeddable":true,"href":"https:\/\/tvtecjundiai.com.br\/news\/wp-json\/wp\/v2\/categories?post=107191"},{"taxonomy":"post_tag","embeddable":true,"href":"https:\/\/tvtecjundiai.com.br\/news\/wp-json\/wp\/v2\/tags?post=107191"}],"curies":[{"name":"wp","href":"https:\/\/api.w.org\/{rel}","templated":true}]}}