{"id":107202,"date":"2023-03-28T15:58:29","date_gmt":"2023-03-28T18:58:29","guid":{"rendered":"https:\/\/tvtecjundiai.com.br\/news\/?p=107202"},"modified":"2023-03-28T16:16:32","modified_gmt":"2023-03-28T19:16:32","slug":"apos-138-anos-foto-gelli-encerra-as-atividades","status":"publish","type":"post","link":"https:\/\/tvtecjundiai.com.br\/news\/2023\/03\/28\/apos-138-anos-foto-gelli-encerra-as-atividades\/","title":{"rendered":"Ap\u00f3s 138 anos, Foto Gelli encerra as atividades"},"content":{"rendered":"\n<p>Nesta ter\u00e7a-feira (28), a tradicional Foto Gelli, na rua do Ros\u00e1rio, no Centro de Jundia\u00ed, encerra suas atividades ap\u00f3s 138 anos de atua\u00e7\u00e3o. Atrav\u00e9s da\u00a0p\u00e1gina Irm\u00e3os Gelli, no Facebook e Instagram, a dire\u00e7\u00e3o informou que a loja de fotografias e lembran\u00e7as funcionar\u00e1 at\u00e9 as 18h desta sexta-feira (31).<\/p>\n\n\n\n<p>Veja o comunicado:<\/p>\n\n\n\n<p>&#8220;Primeiramente, gostar\u00edamos de agradec\u00ea-los pela cont\u00ednua fidelidade com nossa empresa. Foi um imenso prazer atend\u00ea-los. Foram mais de 100 anos de muito trabalho e dedica\u00e7\u00e3o, eternizando momentos especiais atrav\u00e9s da fotografia e artigos fotogr\u00e1ficos.<\/p>\n\n\n\n<p>Somos gratos por todos que nos prestigiaram com sua presen\u00e7a e utilizaram nossos produtos e servi\u00e7os. Nosso trabalho permeou muitas gera\u00e7\u00f5es e temos muito orgulho disso, pois somos descendentes de profissionais de fotografia, os quais j\u00e1 vinham difundindo a arte fotogr\u00e1fica desde o final do sec. XIX.<\/p>\n\n\n\n<p>Por isso, \u00e9 com grande pesar que informamos que a Foto Gelli encerrar\u00e1 suas atividades no fim do m\u00eas de mar\u00e7o. Estamos na quarta gera\u00e7\u00e3o e naturalmente novos ciclos se iniciar\u00e3o, sempre levaremos conosco a lembran\u00e7a e o respeito pelo nossos antepassados.<\/p>\n\n\n\n<p>Estaremos \u00e0 disposi\u00e7\u00e3o para atend\u00ea-los em hor\u00e1rio comercial at\u00e9 \u00e0s 18:00h do dia 31\/03\/2023, ap\u00f3s essa data encerraremos definitivamente nossas atividades. Reiteramos nossos agradecimentos pela confian\u00e7a em nosso trabalho e por fazerem parte de&nbsp;nossa&nbsp;hist\u00f3ria!&#8221;, escreveram no comunicado.<\/p>\n\n\n<div class=\"wp-block-image\">\n<figure class=\"aligncenter size-large is-resized\"><img loading=\"lazy\" decoding=\"async\" src=\"https:\/\/tvtecjundiai.com.br\/news\/wp-content\/uploads\/sites\/2\/2023\/03\/100-anos-de-historia-Fotos-Gelli-encerra-suas-atividades-em-Jundiai-1200x675.jpg\" alt=\"\" class=\"wp-image-107203\" width=\"777\" height=\"437\" srcset=\"https:\/\/tvtecjundiai.com.br\/news\/wp-content\/uploads\/sites\/2\/2023\/03\/100-anos-de-historia-Fotos-Gelli-encerra-suas-atividades-em-Jundiai-1200x675.jpg 1200w, https:\/\/tvtecjundiai.com.br\/news\/wp-content\/uploads\/sites\/2\/2023\/03\/100-anos-de-historia-Fotos-Gelli-encerra-suas-atividades-em-Jundiai-300x169.jpg 300w, https:\/\/tvtecjundiai.com.br\/news\/wp-content\/uploads\/sites\/2\/2023\/03\/100-anos-de-historia-Fotos-Gelli-encerra-suas-atividades-em-Jundiai-768x432.jpg 768w, https:\/\/tvtecjundiai.com.br\/news\/wp-content\/uploads\/sites\/2\/2023\/03\/100-anos-de-historia-Fotos-Gelli-encerra-suas-atividades-em-Jundiai-1536x864.jpg 1536w, https:\/\/tvtecjundiai.com.br\/news\/wp-content\/uploads\/sites\/2\/2023\/03\/100-anos-de-historia-Fotos-Gelli-encerra-suas-atividades-em-Jundiai.jpg 1600w\" sizes=\"auto, (max-width: 777px) 100vw, 777px\" \/><\/figure>\n<\/div>\n\n\n<p><strong><em>(Fonte\/Imagem: Foto Gelli Jundia\u00ed)<\/em><\/strong><\/p>\n","protected":false},"excerpt":{"rendered":"<p>A loja de fotografias e lembran\u00e7as funcionar\u00e1 apenas at\u00e9 esta sexta-feira (31)<\/p>\n","protected":false},"author":30,"featured_media":107203,"comment_status":"closed","ping_status":"0","sticky":false,"template":"","format":"standard","meta":{"footnotes":""},"categories":[2834,2833,8356,1],"tags":[],"class_list":["post-107202","post","type-post","status-publish","format-standard","has-post-thumbnail","hentry","category-cidades","category-cultura","category-jundiai","category-noticias"],"_links":{"self":[{"href":"https:\/\/tvtecjundiai.com.br\/news\/wp-json\/wp\/v2\/posts\/107202","targetHints":{"allow":["GET"]}}],"collection":[{"href":"https:\/\/tvtecjundiai.com.br\/news\/wp-json\/wp\/v2\/posts"}],"about":[{"href":"https:\/\/tvtecjundiai.com.br\/news\/wp-json\/wp\/v2\/types\/post"}],"author":[{"embeddable":true,"href":"https:\/\/tvtecjundiai.com.br\/news\/wp-json\/wp\/v2\/users\/30"}],"replies":[{"embeddable":true,"href":"https:\/\/tvtecjundiai.com.br\/news\/wp-json\/wp\/v2\/comments?post=107202"}],"version-history":[{"count":5,"href":"https:\/\/tvtecjundiai.com.br\/news\/wp-json\/wp\/v2\/posts\/107202\/revisions"}],"predecessor-version":[{"id":107212,"href":"https:\/\/tvtecjundiai.com.br\/news\/wp-json\/wp\/v2\/posts\/107202\/revisions\/107212"}],"wp:featuredmedia":[{"embeddable":true,"href":"https:\/\/tvtecjundiai.com.br\/news\/wp-json\/wp\/v2\/media\/107203"}],"wp:attachment":[{"href":"https:\/\/tvtecjundiai.com.br\/news\/wp-json\/wp\/v2\/media?parent=107202"}],"wp:term":[{"taxonomy":"category","embeddable":true,"href":"https:\/\/tvtecjundiai.com.br\/news\/wp-json\/wp\/v2\/categories?post=107202"},{"taxonomy":"post_tag","embeddable":true,"href":"https:\/\/tvtecjundiai.com.br\/news\/wp-json\/wp\/v2\/tags?post=107202"}],"curies":[{"name":"wp","href":"https:\/\/api.w.org\/{rel}","templated":true}]}}