{"id":107225,"date":"2023-03-28T22:18:59","date_gmt":"2023-03-29T01:18:59","guid":{"rendered":"https:\/\/tvtecjundiai.com.br\/news\/?p=107225"},"modified":"2023-03-29T09:32:19","modified_gmt":"2023-03-29T12:32:19","slug":"tvtec-jundiai-estimula-a-criatividade-na-maratona-de-qualificacao-galpao-criativo","status":"publish","type":"post","link":"https:\/\/tvtecjundiai.com.br\/news\/2023\/03\/28\/tvtec-jundiai-estimula-a-criatividade-na-maratona-de-qualificacao-galpao-criativo\/","title":{"rendered":"TVTEC Jundia\u00ed estimula a criatividade na Maratona de Qualifica\u00e7\u00e3o"},"content":{"rendered":"\n<p>Nesta ter\u00e7a-feira (28), a Prefeitura de Jundia\u00ed e a Funda\u00e7\u00e3o Escola TVTEC Jundia\u00ed (FTVTEC) promoveram a \u2018Maratona de Qualifica\u00e7\u00e3o Galp\u00e3o Criativo\u2019, voltada para os criativos que desejam aprimorar seus conhecimentos e participar do Programa de Qualifica\u00e7\u00e3o de Inclus\u00e3o e Prosperidade Social e Incubadora de Novos Talentos nas \u00c1reas da Economia Criativa. Durante o evento, cerca de 200 pessoas participaram simultaneamente de workshops e de uma palestra sobre Intelig\u00eancia Emocional com o especialista em Lideran\u00e7a Aut\u00eantica, Fredy Machado.<\/p>\n\n\n\n<p>A Maratona de Qualifica\u00e7\u00e3o \u00e9 uma oportunidade para aqueles que desejam adquirir conhecimento e experi\u00eancia em \u00e1reas que s\u00e3o extremamente importantes para o desenvolvimento profissional. Segundo a superintendente da FTVTEC, M\u00f4nica Gropelo, o Galp\u00e3o Criativo \u00e9 a chama da criatividade em Jundia\u00ed. &#8220;Nosso prop\u00f3sito \u00e9 estimular as pessoas por meio de palestras, mentorias, cursos e oficinas, tudo em um modelo r\u00e1pido e \u00e1gil, para que elas continuem se inspirando e motivando. Estamos cumprindo muito bem esse papel dentro da Prefeitura de Jundia\u00ed, que \u00e9 abrir grandes oportunidades para essa comunidade de criativos urbanos, onde a gente n\u00e3o cansa de encontrar todos os dias novos talentos, ideias, servi\u00e7os e muita criatividade&#8221;.<\/p>\n\n\n<div class=\"wp-block-image\">\n<figure class=\"aligncenter size-large is-resized\"><img loading=\"lazy\" decoding=\"async\" src=\"https:\/\/tvtecjundiai.com.br\/news\/wp-content\/uploads\/sites\/2\/2023\/03\/WhatsApp-Image-2023-03-28-at-22.09.27-1200x900.jpeg\" alt=\"\" class=\"wp-image-107244\" width=\"765\" height=\"574\" srcset=\"https:\/\/tvtecjundiai.com.br\/news\/wp-content\/uploads\/sites\/2\/2023\/03\/WhatsApp-Image-2023-03-28-at-22.09.27-1200x900.jpeg 1200w, https:\/\/tvtecjundiai.com.br\/news\/wp-content\/uploads\/sites\/2\/2023\/03\/WhatsApp-Image-2023-03-28-at-22.09.27-300x225.jpeg 300w, https:\/\/tvtecjundiai.com.br\/news\/wp-content\/uploads\/sites\/2\/2023\/03\/WhatsApp-Image-2023-03-28-at-22.09.27-768x576.jpeg 768w, https:\/\/tvtecjundiai.com.br\/news\/wp-content\/uploads\/sites\/2\/2023\/03\/WhatsApp-Image-2023-03-28-at-22.09.27.jpeg 1280w\" sizes=\"auto, (max-width: 765px) 100vw, 765px\" \/><\/figure>\n<\/div>\n\n\n<p><\/p>\n\n\n\n<p>Contente com a oportunidade de levar um pouco da intelig\u00eancia emocional para os empreendedores, o autor e especialista em Lideran\u00e7a Aut\u00eantica, Fredy Machado, abordou em temas como socializa\u00e7\u00e3o, autocuidado e automotiva\u00e7\u00e3o. &#8220;As ferramentas que apresentamos n\u00e3o s\u00e3o apenas para o dia a dia dos empreendedores, mas para os seres humanos que est\u00e3o aqui. Hoje, qualquer neg\u00f3cio que voc\u00ea fa\u00e7a \u00e9 100% pessoas, n\u00f3s trabalhamos e vendemos para pessoas, por isso precisamos entender o qu\u00e3o inteligente emocionalmente elas s\u00e3o, para assim despertar o melhor potencial que elas t\u00eam e deslanchar na vida&#8221;, comenta.<\/p>\n\n\n<div class=\"wp-block-image\">\n<figure class=\"aligncenter size-large is-resized\"><img loading=\"lazy\" decoding=\"async\" src=\"https:\/\/tvtecjundiai.com.br\/news\/wp-content\/uploads\/sites\/2\/2023\/03\/WhatsApp-Image-2023-03-28-at-22.09.34-1200x900.jpeg\" alt=\"\" class=\"wp-image-107242\" width=\"777\" height=\"583\" srcset=\"https:\/\/tvtecjundiai.com.br\/news\/wp-content\/uploads\/sites\/2\/2023\/03\/WhatsApp-Image-2023-03-28-at-22.09.34-1200x900.jpeg 1200w, https:\/\/tvtecjundiai.com.br\/news\/wp-content\/uploads\/sites\/2\/2023\/03\/WhatsApp-Image-2023-03-28-at-22.09.34-300x225.jpeg 300w, https:\/\/tvtecjundiai.com.br\/news\/wp-content\/uploads\/sites\/2\/2023\/03\/WhatsApp-Image-2023-03-28-at-22.09.34-768x576.jpeg 768w, https:\/\/tvtecjundiai.com.br\/news\/wp-content\/uploads\/sites\/2\/2023\/03\/WhatsApp-Image-2023-03-28-at-22.09.34.jpeg 1280w\" sizes=\"auto, (max-width: 777px) 100vw, 777px\" \/><\/figure>\n<\/div>\n\n\n<p><\/p>\n\n\n\n<p>Os temas apresentados durante os workshops foram: \u2018como fotografar seu produto\u2019, \u2018como&nbsp;criar um reels na pr\u00e1tica\u2019, \u2018como criar textos que engajam nas redes sociais\u2019, \u2018como editar no CapCut\u2019, \u2018como vender seu produto\u2019, \u2018como gerar conte\u00fado para promover sua empresa\u2019 e \u2018como gravar v\u00eddeo de produtos\u2019.<\/p>\n\n\n\n<p>Pela primeira vez na TVTEC, a artista Jessica Soranz escolheu o workshop de \u2018como gerar conte\u00fado para promover sua empresa\u2019. &#8220;Trabalho com artes em aquarela e fiquei sabendo da maratona de qualifica\u00e7\u00e3o atrav\u00e9s de uma feira de empreendedoras em Jarinu. Espero que com o workshop eu consiga fazer novos conte\u00fados e atrair novos clientes&#8221;, diz.<\/p>\n\n\n\n<p>Para a empreendedora de saboaria e aromas, Regina Lazarini, a procura pelo whorkshop se deve a uma necessidade de aumentar a visibilidade de sua loja. &#8220;Escolhi o curso de &#8216;como&nbsp;criar um reels na pr\u00e1tica\u2019, mas tamb\u00e9m gostaria de fazer o de fotografia. Acredito que vai ser um diferencial, al\u00e9m de agregar bastante no meu trabalho. Achei a proposta bem interessante e com certeza vou participar dos pr\u00f3ximos&#8221;.<\/p>\n\n\n\n<p><strong><em>(Fonte\/Imagens: TVTEC Jundia\u00ed)<\/em><\/strong><\/p>\n\n\n\n<p><\/p>\n\n\n\n<p><\/p>\n","protected":false},"excerpt":{"rendered":"<p>Cerca de 200 pessoas participaram simultaneamente de workshops<\/p>\n","protected":false},"author":30,"featured_media":107241,"comment_status":"closed","ping_status":"0","sticky":false,"template":"","format":"standard","meta":{"footnotes":""},"categories":[2832,29,8408,8356,1],"tags":[],"class_list":["post-107225","post","type-post","status-publish","format-standard","has-post-thumbnail","hentry","category-cursos","category-destaque","category-galpao-criativo","category-jundiai","category-noticias"],"_links":{"self":[{"href":"https:\/\/tvtecjundiai.com.br\/news\/wp-json\/wp\/v2\/posts\/107225","targetHints":{"allow":["GET"]}}],"collection":[{"href":"https:\/\/tvtecjundiai.com.br\/news\/wp-json\/wp\/v2\/posts"}],"about":[{"href":"https:\/\/tvtecjundiai.com.br\/news\/wp-json\/wp\/v2\/types\/post"}],"author":[{"embeddable":true,"href":"https:\/\/tvtecjundiai.com.br\/news\/wp-json\/wp\/v2\/users\/30"}],"replies":[{"embeddable":true,"href":"https:\/\/tvtecjundiai.com.br\/news\/wp-json\/wp\/v2\/comments?post=107225"}],"version-history":[{"count":22,"href":"https:\/\/tvtecjundiai.com.br\/news\/wp-json\/wp\/v2\/posts\/107225\/revisions"}],"predecessor-version":[{"id":107259,"href":"https:\/\/tvtecjundiai.com.br\/news\/wp-json\/wp\/v2\/posts\/107225\/revisions\/107259"}],"wp:featuredmedia":[{"embeddable":true,"href":"https:\/\/tvtecjundiai.com.br\/news\/wp-json\/wp\/v2\/media\/107241"}],"wp:attachment":[{"href":"https:\/\/tvtecjundiai.com.br\/news\/wp-json\/wp\/v2\/media?parent=107225"}],"wp:term":[{"taxonomy":"category","embeddable":true,"href":"https:\/\/tvtecjundiai.com.br\/news\/wp-json\/wp\/v2\/categories?post=107225"},{"taxonomy":"post_tag","embeddable":true,"href":"https:\/\/tvtecjundiai.com.br\/news\/wp-json\/wp\/v2\/tags?post=107225"}],"curies":[{"name":"wp","href":"https:\/\/api.w.org\/{rel}","templated":true}]}}