{"id":107253,"date":"2023-03-29T09:30:00","date_gmt":"2023-03-29T12:30:00","guid":{"rendered":"https:\/\/tvtecjundiai.com.br\/news\/?p=107253"},"modified":"2023-03-29T09:30:06","modified_gmt":"2023-03-29T12:30:06","slug":"vigilancia-em-saude-faz-nebulizacao-contra-o-mosquito-da-dengue-no-jardim-fepasa","status":"publish","type":"post","link":"https:\/\/tvtecjundiai.com.br\/news\/2023\/03\/29\/vigilancia-em-saude-faz-nebulizacao-contra-o-mosquito-da-dengue-no-jardim-fepasa\/","title":{"rendered":"Vigil\u00e2ncia em Sa\u00fade faz nebuliza\u00e7\u00e3o contra o mosquito da dengue no Jardim Fepasa"},"content":{"rendered":"\n<p>A Unidade de Vigil\u00e2ncia em Sa\u00fade Ambiental (VISAM) fez, nesta segunda e ter\u00e7a-feira, uma a\u00e7\u00e3o de nebuliza\u00e7\u00e3o em um trecho do Jardim Fepasa, dando continuidade ao trabalho de combate \u00e0s arboviroses. No local, ap\u00f3s a investiga\u00e7\u00e3o epidemiol\u00f3gica, foram identificados, ao menos, dois focos de transmiss\u00e3o do mosquito Aedes aegypti e muitos criadouros eliminados.<\/p>\n\n\n\n<p>\u201cA cidade est\u00e1 em alerta e \u00e9 preciso uma mudan\u00e7a imediata da popula\u00e7\u00e3o, para eliminar o criadouros com \u00e1gua. S\u00f3 assim poderemos ter uma cidade livre das Arboviroses, como a dengue\u201d, explica a biom\u00e9dica da Vigil\u00e2ncia em Sa\u00fade Ambiental, Ana L\u00facia de Castro Silva.<\/p>\n\n\n\n<p>As constru\u00e7\u00f5es incompletas, lajes abertas e vasos com pratos s\u00e3o os locais onde os mosquitos encontram as condi\u00e7\u00f5es perfeitas para a cria\u00e7\u00e3o. Jundia\u00ed tem 89 casos positivos de dengue em 2023. 167 casos suspeitos ainda aguardam resultados de exames.<\/p>\n\n\n\n<figure class=\"wp-block-image size-large\"><img loading=\"lazy\" decoding=\"async\" width=\"1200\" height=\"733\" src=\"https:\/\/tvtecjundiai.com.br\/news\/wp-content\/uploads\/sites\/2\/2023\/03\/combate-as-arboviroses-jundiai-1280x782-1-1200x733.jpeg\" alt=\"\" class=\"wp-image-107254\" srcset=\"https:\/\/tvtecjundiai.com.br\/news\/wp-content\/uploads\/sites\/2\/2023\/03\/combate-as-arboviroses-jundiai-1280x782-1-1200x733.jpeg 1200w, https:\/\/tvtecjundiai.com.br\/news\/wp-content\/uploads\/sites\/2\/2023\/03\/combate-as-arboviroses-jundiai-1280x782-1-300x183.jpeg 300w, https:\/\/tvtecjundiai.com.br\/news\/wp-content\/uploads\/sites\/2\/2023\/03\/combate-as-arboviroses-jundiai-1280x782-1-768x469.jpeg 768w, https:\/\/tvtecjundiai.com.br\/news\/wp-content\/uploads\/sites\/2\/2023\/03\/combate-as-arboviroses-jundiai-1280x782-1.jpeg 1280w\" sizes=\"auto, (max-width: 1200px) 100vw, 1200px\" \/><figcaption class=\"wp-element-caption\">Combate \u00e0s arboviroses nas casas<\/figcaption><\/figure>\n\n\n\n<p>Outras regi\u00f5es da cidade que est\u00e3o com maior transmiss\u00e3o e casos j\u00e1 confirmados s\u00e3o os bairros Vila Jundiain\u00f3polis (9) Vila Hortol\u00e2ndia (5) e Jardim Tamoio (5).<\/p>\n\n\n\n<p>\u201cO trabalho \u00e9 realizado com o objetivo de conter a transmiss\u00e3o. Por isso as pessoas precisam limpar os quintais de qualquer objeto que possa acumular \u00e1gua. O mosquito Aedes aegypti se adaptou a viver no ambiente urbano. Por isso \u00e9 nas cidades, principalmente, que ele causa a doen\u00e7a\u201d, detalha a biom\u00e9dica.<\/p>\n\n\n\n<p><strong><em>(Fonte\/Imagem: Prefeitura de Jundia\u00ed)<\/em><\/strong><\/p>\n","protected":false},"excerpt":{"rendered":"<p>Jundia\u00ed tem 89 casos positivos de dengue em 2023<\/p>\n","protected":false},"author":30,"featured_media":107254,"comment_status":"closed","ping_status":"0","sticky":false,"template":"","format":"standard","meta":{"footnotes":""},"categories":[8356,1,2839,8355],"tags":[],"class_list":["post-107253","post","type-post","status-publish","format-standard","has-post-thumbnail","hentry","category-jundiai","category-noticias","category-saude","category-saude-3"],"_links":{"self":[{"href":"https:\/\/tvtecjundiai.com.br\/news\/wp-json\/wp\/v2\/posts\/107253","targetHints":{"allow":["GET"]}}],"collection":[{"href":"https:\/\/tvtecjundiai.com.br\/news\/wp-json\/wp\/v2\/posts"}],"about":[{"href":"https:\/\/tvtecjundiai.com.br\/news\/wp-json\/wp\/v2\/types\/post"}],"author":[{"embeddable":true,"href":"https:\/\/tvtecjundiai.com.br\/news\/wp-json\/wp\/v2\/users\/30"}],"replies":[{"embeddable":true,"href":"https:\/\/tvtecjundiai.com.br\/news\/wp-json\/wp\/v2\/comments?post=107253"}],"version-history":[{"count":1,"href":"https:\/\/tvtecjundiai.com.br\/news\/wp-json\/wp\/v2\/posts\/107253\/revisions"}],"predecessor-version":[{"id":107256,"href":"https:\/\/tvtecjundiai.com.br\/news\/wp-json\/wp\/v2\/posts\/107253\/revisions\/107256"}],"wp:featuredmedia":[{"embeddable":true,"href":"https:\/\/tvtecjundiai.com.br\/news\/wp-json\/wp\/v2\/media\/107254"}],"wp:attachment":[{"href":"https:\/\/tvtecjundiai.com.br\/news\/wp-json\/wp\/v2\/media?parent=107253"}],"wp:term":[{"taxonomy":"category","embeddable":true,"href":"https:\/\/tvtecjundiai.com.br\/news\/wp-json\/wp\/v2\/categories?post=107253"},{"taxonomy":"post_tag","embeddable":true,"href":"https:\/\/tvtecjundiai.com.br\/news\/wp-json\/wp\/v2\/tags?post=107253"}],"curies":[{"name":"wp","href":"https:\/\/api.w.org\/{rel}","templated":true}]}}