{"id":107257,"date":"2023-03-29T09:33:20","date_gmt":"2023-03-29T12:33:20","guid":{"rendered":"https:\/\/tvtecjundiai.com.br\/news\/?p=107257"},"modified":"2023-03-29T10:16:50","modified_gmt":"2023-03-29T13:16:50","slug":"consuelo-de-paula-traz-seu-show-maryakore-para-o-polytheama","status":"publish","type":"post","link":"https:\/\/tvtecjundiai.com.br\/news\/2023\/03\/29\/consuelo-de-paula-traz-seu-show-maryakore-para-o-polytheama\/","title":{"rendered":"Consuelo de Paula traz show &#8216;Mary\u00e1kor\u00e9&#8217; para o Polytheama"},"content":{"rendered":"\n<p>O p\u00fablico de Jundia\u00ed e regi\u00e3o poder\u00e1 conferir na sexta-feira, dia 31, \u00e0s 20h, no palco do Teatro Polytheama a apresenta\u00e7\u00e3o da compositora e cantora mineira Consuelo de Paula, com o seu show \u201cMary\u00e1kor\u00e9\u201d, projeto contemplado pelo Programa de A\u00e7\u00e3o Cultural \u2013 ProAC , da Secretaria de Cultura e Economia Criativa do Estado de S\u00e3o Paulo, com entrada gratuita.<\/p>\n\n\n\n<p>Para essa apresenta\u00e7\u00e3o, Consuelo de Paula (voz, viol\u00e3o e percuss\u00e3o) estar\u00e1 acompanhada de Guilherme Ribeiro (piano e acorde\u00e3o).\u201cMary\u00e1kor\u00e9\u201d, nome de seu s\u00e9timo \u00e1lbum solo, lan\u00e7ado no final de 2019 vem com destaque nesse show, mas no repert\u00f3rio ainda est\u00e3o \u201cArvoredo\u201d, \u201cOs Movimentos do Amor\u201d e \u201cSauda\u00e7\u00e3o\u201d, &nbsp;m\u00fasicas fundamentais, gravadas ao longo de sua trajet\u00f3ria, entre as quais: \u201cRainha (Tema da Cachoeira)\u201d, de Tambor e Flor; \u201cRetina\u201d e \u201cDan\u00e7a Para Um Poema\u201d, de Dan\u00e7a das Rosas; \u201cCaic\u00f3\u201d (cantiga recolhida por Villa-Lobos) e \u201cPiedra y Camino\u201d (Atahualpa Yupanqui), de seu DDV Negra; e \u201cAdeus, Guacyra\u201d (Hekel Tavares e Joracy Camargo), que ela gravou no disco Canta Inezita. Entre outras novidades, Consuelo tamb\u00e9m interpreta v\u00e1rios temas de congadeiros e mo\u00e7ambiqueiros de Minas Gerais (cultura que permeia toda sua obra).<\/p>\n\n\n\n<p>Mary\u00e1kor\u00e9 \u00e9 uma obra provocadora naquilo que tem de mais feminina, mais negra, mais ind\u00edgena e mais reveladora de n\u00f3s mesmos. O t\u00edtulo pode ser entendido como uma nova assinatura de Consuelo de Paula: mary\u00e1 (Maria \u00e9 o primeiro nome de Consuelo), kor\u00e9 (flecha na l\u00edngua paresi-haliti, fam\u00edlia Aruak), or\u00e9 (n\u00f3s em tupi-guarani), yakor\u00e9 (nome pr\u00f3prio africano). Al\u00e9m de assinar todas as composi\u00e7\u00f5es, Consuelo \u00e9 respons\u00e1vel pela dire\u00e7\u00e3o, pelos arranjos e viol\u00f5es e por algumas percuss\u00f5es. \u00c9 n\u00edtida no disco a harmonia entre Consuelo e sua m\u00fasica, com sua poesia, express\u00e3o e est\u00e9tica apresentada.<\/p>\n\n\n<div class=\"wp-block-image\">\n<figure class=\"aligncenter size-full is-resized\"><img loading=\"lazy\" decoding=\"async\" src=\"https:\/\/tvtecjundiai.com.br\/news\/wp-content\/uploads\/sites\/2\/2023\/03\/maryakore.jpg\" alt=\"\" class=\"wp-image-107258\" width=\"788\" height=\"555\" srcset=\"https:\/\/tvtecjundiai.com.br\/news\/wp-content\/uploads\/sites\/2\/2023\/03\/maryakore.jpg 1200w, https:\/\/tvtecjundiai.com.br\/news\/wp-content\/uploads\/sites\/2\/2023\/03\/maryakore-300x212.jpg 300w, https:\/\/tvtecjundiai.com.br\/news\/wp-content\/uploads\/sites\/2\/2023\/03\/maryakore-768x541.jpg 768w\" sizes=\"auto, (max-width: 788px) 100vw, 788px\" \/><figcaption class=\"wp-element-caption\">Consuelo de Paula se apresenta dia 31 no Polytheama<\/figcaption><\/figure>\n<\/div>\n\n\n<p>Ao interpretar letras carregadas de imagens e sensa\u00e7\u00f5es, ao dedilhar os ritmos que passam por Minas Gerais e pelos sons dos diversos \u201cbrasis\u201d, nota-se a artista imersa em sua hist\u00f3ria: vida e a arte integrada \u00e0s can\u00e7\u00f5es. O viol\u00e3o, seu instrumento de composi\u00e7\u00e3o, nesse trabalho revela-se tamb\u00e9m de maneira ousada e criativa, como parte de seu corpo; e como kor\u00e9 provoca as composi\u00e7\u00f5es ao mesmo tempo em que comanda e orienta os ritmos que d\u00e3o originalidade \u00e0 obra.<\/p>\n\n\n\n<p>Consuelo gravou o viol\u00e3o e a voz juntos, ao vivo no est\u00fadio, transpondo para o disco a naturalidade e a energia original das can\u00e7\u00f5es. Um desafio que pode ser conferido nas faixas: ora o viol\u00e3o silencia as cordas para servir de tambor, ora se ausenta para deixar fluir a voz \u00e0 capela. Em outros momentos as cordas produzem somente um pizzicato para acompanhar o movimento da melodia e, \u00e0s vezes, soa como percuss\u00e3o e instrumento harm\u00f4nico.<\/p>\n\n\n\n<p><strong>A artista<\/strong><\/p>\n\n\n\n<p>Com oito discos gravados, Consuelo de Paula \u00e9 cantora, compositora, poeta, diretora art\u00edstica e produtora musical. Possui m\u00fasicas gravadas por Maria Beth\u00e2nia (\u201cSete Trovas\u201d \u2013 CD Encanteria, tamb\u00e9m lan\u00e7ada em single, em 2021) e Ala\u00edde Costa (\u201cBem-me-quer\u201d \u2013 CD Porcelana, com Gonzaga Leal). Apresentou-se no Gran Rex, em Buenos Aires, foi destaque na capa do Guia Brasilian Music (Jap\u00e3o), que elegeu os 100 melhores discos da m\u00fasica brasileira, e gravou o programa Ensaio, de Fernando Faro (TV Cultura).<\/p>\n\n\n\n<p>Consuelo participa dos discos Divas do Brasil (em Portugal, que re\u00fane Elis Regina, Maria Beth\u00e2nia, C\u00e9line Imbert e outras), Senhor Brasil (ao lado de Rolando Boldrin), Prata da Casa (Sesc SP) e Cacha\u00e7a Fina (Spirit of Brazil). Assina o roteiro de Velho Chico \u2013 Uma Viagem Musical, de Elson Fernandes, no qual interpreta \u201cO Ci\u00fame\u201d (Caetano Veloso), considerada a \u201cgrava\u00e7\u00e3o definitiva\u201d pelo cr\u00edtico Mauro Dias (Estad\u00e3o).<\/p>\n\n\n\n<p>Entre os projetos que participou, destaque para: Projeto Pixinguinha (Funarte); Elas em Cena, com C\u00e1tia de Fran\u00e7a e D\u00e9a Trancoso; Canta Inezita (show e CD); e livro Retratos da M\u00fasica Brasileira (Pierre Yves Refalo \/ 50 anos da TV Cultura e 14 anos do programa Sr. Brasil). Sua discografia teve in\u00edcio com a trilogia Samba, Seresta e Bai\u00e3o (1988), Tambor e Flor (2002) e Dan\u00e7a das Rosas (2004), da qual foi lan\u00e7ada a colet\u00e2nea Patchworck, no Jap\u00e3o. Em 2011, lan\u00e7ou o DVD Negra, seguido pelos CDs: Casa (2012), O Tempo e O Branco (2015), Mary\u00e1kor\u00e9 (2019) e Beira de Folha (2020, em parceria com o violeiro Jo\u00e3o Arruda). Consuelo tamb\u00e9m lan\u00e7ou o livro A Poesia dos Descuidos, com cart\u00f5es de arte de L\u00facia Arrais Morales.<\/p>\n\n\n\n<p>Os ingressos gratuitos \u2013 podem ser retirados pela&nbsp;<a rel=\"noreferrer noopener\" href=\"https:\/\/www.sympla.com.br\/eventos?s=polytheama&amp;tab=eventos&amp;ordem=date\" target=\"_blank\"><strong>plataforma Sympla<\/strong><\/a>&nbsp;ou na bilheteria do Teatro (rua Bar\u00e3o de Jundia\u00ed, 176, Centro), a partir das 10h30 da quinta-feira (30). Cada interessado poder\u00e1 retirar at\u00e9 dois ingressos.<\/p>\n\n\n\n<p><strong><em>(Fonte\/Imagem: Prefeitura de Jundia\u00ed)<\/em><\/strong><\/p>\n","protected":false},"excerpt":{"rendered":"<p>Cada interessado poder\u00e1 retirar at\u00e9 dois ingressos.<\/p>\n","protected":false},"author":30,"featured_media":107258,"comment_status":"closed","ping_status":"0","sticky":false,"template":"","format":"standard","meta":{"footnotes":""},"categories":[2833,8356,8354,1],"tags":[],"class_list":["post-107257","post","type-post","status-publish","format-standard","has-post-thumbnail","hentry","category-cultura","category-jundiai","category-lazer","category-noticias"],"_links":{"self":[{"href":"https:\/\/tvtecjundiai.com.br\/news\/wp-json\/wp\/v2\/posts\/107257","targetHints":{"allow":["GET"]}}],"collection":[{"href":"https:\/\/tvtecjundiai.com.br\/news\/wp-json\/wp\/v2\/posts"}],"about":[{"href":"https:\/\/tvtecjundiai.com.br\/news\/wp-json\/wp\/v2\/types\/post"}],"author":[{"embeddable":true,"href":"https:\/\/tvtecjundiai.com.br\/news\/wp-json\/wp\/v2\/users\/30"}],"replies":[{"embeddable":true,"href":"https:\/\/tvtecjundiai.com.br\/news\/wp-json\/wp\/v2\/comments?post=107257"}],"version-history":[{"count":2,"href":"https:\/\/tvtecjundiai.com.br\/news\/wp-json\/wp\/v2\/posts\/107257\/revisions"}],"predecessor-version":[{"id":107268,"href":"https:\/\/tvtecjundiai.com.br\/news\/wp-json\/wp\/v2\/posts\/107257\/revisions\/107268"}],"wp:featuredmedia":[{"embeddable":true,"href":"https:\/\/tvtecjundiai.com.br\/news\/wp-json\/wp\/v2\/media\/107258"}],"wp:attachment":[{"href":"https:\/\/tvtecjundiai.com.br\/news\/wp-json\/wp\/v2\/media?parent=107257"}],"wp:term":[{"taxonomy":"category","embeddable":true,"href":"https:\/\/tvtecjundiai.com.br\/news\/wp-json\/wp\/v2\/categories?post=107257"},{"taxonomy":"post_tag","embeddable":true,"href":"https:\/\/tvtecjundiai.com.br\/news\/wp-json\/wp\/v2\/tags?post=107257"}],"curies":[{"name":"wp","href":"https:\/\/api.w.org\/{rel}","templated":true}]}}