{"id":107261,"date":"2023-03-29T10:12:38","date_gmt":"2023-03-29T13:12:38","guid":{"rendered":"https:\/\/tvtecjundiai.com.br\/news\/?p=107261"},"modified":"2023-03-29T10:13:11","modified_gmt":"2023-03-29T13:13:11","slug":"hospital-sao-vicente-recebe-doacao-de-pares-de-chinelos-para-pacientes-internados","status":"publish","type":"post","link":"https:\/\/tvtecjundiai.com.br\/news\/2023\/03\/29\/hospital-sao-vicente-recebe-doacao-de-pares-de-chinelos-para-pacientes-internados\/","title":{"rendered":"Hospital S\u00e3o Vicente recebe doa\u00e7\u00e3o de pares de chinelos para pacientes internados"},"content":{"rendered":"\n<p>Nesta ter\u00e7a-feira (28), o setor de Servi\u00e7o Social do Hospital de Caridade S\u00e3o Vicente de Paulo (HSV) recebeu a doa\u00e7\u00e3o de 50 pares de chinelos, sendo 20 pares femininos e 30 masculinos, dos membros voluntariados do \u2018Grupo Afeto\u2019. Os cal\u00e7ados ser\u00e3o entregues aos pacientes em situa\u00e7\u00e3o de vulnerabilidade social internados na institui\u00e7\u00e3o.\u00a0<\/p>\n\n\n<div class=\"wp-block-image\">\n<figure class=\"aligncenter size-full is-resized\"><img loading=\"lazy\" decoding=\"async\" src=\"https:\/\/tvtecjundiai.com.br\/news\/wp-content\/uploads\/sites\/2\/2023\/03\/HSV-recebe-doacao-de-chinels-do-Grupo-Afeto-2.jpg\" alt=\"\" class=\"wp-image-107264\" width=\"638\" height=\"478\" srcset=\"https:\/\/tvtecjundiai.com.br\/news\/wp-content\/uploads\/sites\/2\/2023\/03\/HSV-recebe-doacao-de-chinels-do-Grupo-Afeto-2.jpg 960w, https:\/\/tvtecjundiai.com.br\/news\/wp-content\/uploads\/sites\/2\/2023\/03\/HSV-recebe-doacao-de-chinels-do-Grupo-Afeto-2-300x225.jpg 300w, https:\/\/tvtecjundiai.com.br\/news\/wp-content\/uploads\/sites\/2\/2023\/03\/HSV-recebe-doacao-de-chinels-do-Grupo-Afeto-2-768x576.jpg 768w\" sizes=\"auto, (max-width: 638px) 100vw, 638px\" \/><\/figure>\n<\/div>\n\n\n<p><\/p>\n\n\n\n<p>A presidente do Grupo Afeto Elaine Fernandes e vice-presidente Maria da Gra\u00e7a Martin compartilharam o sentimento de poder colaborar com a institui\u00e7\u00e3o. &#8220;\u00c9 gratificante quando conseguimos realizar uma doa\u00e7\u00e3o com sucesso \u00e0s institui\u00e7\u00f5es, e n\u00e3o se faz diferente com o Hospital S\u00e3o Vicente. O sentimento de dever cumprido se faz presente! Para n\u00f3s volunt\u00e1rios, n\u00e3o h\u00e1 pre\u00e7o que pague o amor, a empatia e zelo em poder viabilizar ao pr\u00f3ximo, aquilo que ele necessita. \u00c9 um prazer acolher o hospital\u201d.<\/p>\n\n\n\n<p>Maria Regina Martins, que faz parte da coordena\u00e7\u00e3o do Voluntariado das Unidades de Terapia Intensiva (UTI) do HSV, agradeceu a doa\u00e7\u00e3o. \u201cQuero agradecer ao Grupo Afeto por ter atendido t\u00e3o prontamente ao nosso pedido de doa\u00e7\u00e3o. Como voluntariados, temos conhecimento das necessidades do hospital e com muito amor, estamos prontos a buscar por ajuda! Sabemos que alguns pacientes n\u00e3o disp\u00f5em de cal\u00e7ados no momento de alta m\u00e9dica, ent\u00e3o, \u00e9 uma alegria poder acolh\u00ea-los desta forma\u201d.<\/p>\n\n\n<div class=\"wp-block-image\">\n<figure class=\"aligncenter size-full is-resized\"><img loading=\"lazy\" decoding=\"async\" src=\"https:\/\/tvtecjundiai.com.br\/news\/wp-content\/uploads\/sites\/2\/2023\/03\/HSV-recebe-doacao-de-chinels-do-Grupo-Afeto-1.jpg\" alt=\"\" class=\"wp-image-107262\" width=\"652\" height=\"489\" srcset=\"https:\/\/tvtecjundiai.com.br\/news\/wp-content\/uploads\/sites\/2\/2023\/03\/HSV-recebe-doacao-de-chinels-do-Grupo-Afeto-1.jpg 960w, https:\/\/tvtecjundiai.com.br\/news\/wp-content\/uploads\/sites\/2\/2023\/03\/HSV-recebe-doacao-de-chinels-do-Grupo-Afeto-1-300x225.jpg 300w, https:\/\/tvtecjundiai.com.br\/news\/wp-content\/uploads\/sites\/2\/2023\/03\/HSV-recebe-doacao-de-chinels-do-Grupo-Afeto-1-768x576.jpg 768w\" sizes=\"auto, (max-width: 652px) 100vw, 652px\" \/><\/figure>\n<\/div>\n\n\n<p><\/p>\n\n\n\n<p>\u201cAgradecemos de cora\u00e7\u00e3o a todos os envolvidos pelo carinho e aten\u00e7\u00e3o. Os chinelos s\u00e3o muito bem-vindos, assim como qualquer outra doa\u00e7\u00e3o. Eles ser\u00e3o essenciais para os cuidados prestados aos nossos pacientes hospitalizados. Um gesto como esse refor\u00e7a a cren\u00e7a de que a caridade impulsiona muitas vidas\u201d, disse Ana Iza Bianchin, coordenadora do Servi\u00e7o Social.<\/p>\n\n\n\n<p><strong><em>(Fonte\/Imagens: Assessoria Hospital S\u00e3o Vicente)<\/em><\/strong><\/p>\n\n\n\n<p>\u00a0\u00a0<\/p>\n","protected":false},"excerpt":{"rendered":"<p>Foram doados 50 pares de chinelos, sendo 20 pares femininos e 30 masculinos<\/p>\n","protected":false},"author":30,"featured_media":107264,"comment_status":"closed","ping_status":"0","sticky":false,"template":"","format":"standard","meta":{"footnotes":""},"categories":[8356,1,2839,8355],"tags":[],"class_list":["post-107261","post","type-post","status-publish","format-standard","has-post-thumbnail","hentry","category-jundiai","category-noticias","category-saude","category-saude-3"],"_links":{"self":[{"href":"https:\/\/tvtecjundiai.com.br\/news\/wp-json\/wp\/v2\/posts\/107261","targetHints":{"allow":["GET"]}}],"collection":[{"href":"https:\/\/tvtecjundiai.com.br\/news\/wp-json\/wp\/v2\/posts"}],"about":[{"href":"https:\/\/tvtecjundiai.com.br\/news\/wp-json\/wp\/v2\/types\/post"}],"author":[{"embeddable":true,"href":"https:\/\/tvtecjundiai.com.br\/news\/wp-json\/wp\/v2\/users\/30"}],"replies":[{"embeddable":true,"href":"https:\/\/tvtecjundiai.com.br\/news\/wp-json\/wp\/v2\/comments?post=107261"}],"version-history":[{"count":2,"href":"https:\/\/tvtecjundiai.com.br\/news\/wp-json\/wp\/v2\/posts\/107261\/revisions"}],"predecessor-version":[{"id":107267,"href":"https:\/\/tvtecjundiai.com.br\/news\/wp-json\/wp\/v2\/posts\/107261\/revisions\/107267"}],"wp:featuredmedia":[{"embeddable":true,"href":"https:\/\/tvtecjundiai.com.br\/news\/wp-json\/wp\/v2\/media\/107264"}],"wp:attachment":[{"href":"https:\/\/tvtecjundiai.com.br\/news\/wp-json\/wp\/v2\/media?parent=107261"}],"wp:term":[{"taxonomy":"category","embeddable":true,"href":"https:\/\/tvtecjundiai.com.br\/news\/wp-json\/wp\/v2\/categories?post=107261"},{"taxonomy":"post_tag","embeddable":true,"href":"https:\/\/tvtecjundiai.com.br\/news\/wp-json\/wp\/v2\/tags?post=107261"}],"curies":[{"name":"wp","href":"https:\/\/api.w.org\/{rel}","templated":true}]}}