{"id":107269,"date":"2023-03-29T11:32:00","date_gmt":"2023-03-29T14:32:00","guid":{"rendered":"https:\/\/tvtecjundiai.com.br\/news\/?p=107269"},"modified":"2023-03-29T11:32:01","modified_gmt":"2023-03-29T14:32:01","slug":"inscricoes-para-subvencao-do-seguro-agricola-terminam-nesta-sexta-31","status":"publish","type":"post","link":"https:\/\/tvtecjundiai.com.br\/news\/2023\/03\/29\/inscricoes-para-subvencao-do-seguro-agricola-terminam-nesta-sexta-31\/","title":{"rendered":"Inscri\u00e7\u00f5es para Subven\u00e7\u00e3o do Seguro Agr\u00edcola terminam nesta sexta (31)"},"content":{"rendered":"\n<p>O prazo para as inscri\u00e7\u00f5es no Programa Municipal de Subven\u00e7\u00e3o de Seguro Agr\u00edcola encerra nesta sexta-feira (31). A iniciativa da Unidade de Gest\u00e3o de Agroneg\u00f3cio, Abastecimento e Turismo (UGAAT) tem a finalidade de garantir aos produtores a prote\u00e7\u00e3o contra intemp\u00e9ries clim\u00e1ticas. O munic\u00edpio custear\u00e1 at\u00e9 15% do valor do pr\u00eamio do seguro rural. Os agricultores tamb\u00e9m podem inscrever a mesma ap\u00f3lice nos programas de seguro-safra do Estado e da Uni\u00e3o, que podem alcan\u00e7ar 60% de subven\u00e7\u00e3o, se aprovados pelos \u00f3rg\u00e3os.<\/p>\n\n\n\n<p>Podem se inscrever os produtores rurais de ameixa, caqui, goiaba, nectarina, p\u00eassego, tangerina e uva, estabelecidos no territ\u00f3rio de Jundia\u00ed. Com a documenta\u00e7\u00e3o exigida (ver abaixo), \u00e9 necess\u00e1rio comparecer \u00e0 UGAAT, no 5\u00ba andar do Pa\u00e7o Municipal. O hor\u00e1rio de funcionamento \u00e9 de segunda a sexta-feira, das 8h \u00e0s 17h.<\/p>\n\n\n<div class=\"wp-block-image\">\n<figure class=\"aligncenter size-large is-resized\"><img loading=\"lazy\" decoding=\"async\" src=\"https:\/\/tvtecjundiai.com.br\/news\/wp-content\/uploads\/sites\/2\/2023\/03\/plantacao_uva-145-1200x825.jpg\" alt=\"\" class=\"wp-image-107270\" width=\"700\" height=\"481\" srcset=\"https:\/\/tvtecjundiai.com.br\/news\/wp-content\/uploads\/sites\/2\/2023\/03\/plantacao_uva-145-1200x825.jpg 1200w, https:\/\/tvtecjundiai.com.br\/news\/wp-content\/uploads\/sites\/2\/2023\/03\/plantacao_uva-145-300x206.jpg 300w, https:\/\/tvtecjundiai.com.br\/news\/wp-content\/uploads\/sites\/2\/2023\/03\/plantacao_uva-145-768x528.jpg 768w, https:\/\/tvtecjundiai.com.br\/news\/wp-content\/uploads\/sites\/2\/2023\/03\/plantacao_uva-145.jpg 1240w\" sizes=\"auto, (max-width: 700px) 100vw, 700px\" \/><\/figure>\n<\/div>\n\n\n<p><\/p>\n\n\n\n<p>Os documentos obrigat\u00f3rios s\u00e3o c\u00f3pias simples do RG e CPF (Pessoa F\u00edsica); c\u00f3pias simples do CNPJ, RG e CPF dos respons\u00e1veis legais para Pessoa Jur\u00eddica; c\u00f3pia simples da ap\u00f3lice do seguro da safra vigente; c\u00f3pia simples do comprovante de quita\u00e7\u00e3o do seguro; c\u00f3pia simples do comprovante de resid\u00eancia; certid\u00e3o negativa de d\u00e9bitos de tributos municipais e c\u00f3pia simples do comprovante de conta banc\u00e1ria em nome do titular da ap\u00f3lice do seguro.<\/p>\n\n\n\n<p>Em caso de d\u00favidas, os agricultores podem entrar em contato por meio dos telefones: (11) 4589-8581\/ 8872\/ 8692\/ 8793.<\/p>\n\n\n\n<p>\u201cA subven\u00e7\u00e3o ao seguro \u00e9 uma importante ferramenta oferecida pela Prefeitura para os agricultores. O objetivo \u00e9 reduzir o custo do produtor e oferecer apoio para a prote\u00e7\u00e3o das lavouras contra riscos clim\u00e1ticos adversos\u201d, refor\u00e7a o gestor da UGAAT, Eduardo Alvarez.<\/p>\n\n\n\n<p><strong><em>(Fonte\/Imagem: Prefeitura de Jundia\u00ed)<\/em><\/strong><\/p>\n","protected":false},"excerpt":{"rendered":"<p>Iniciativa tem a finalidade de garantir aos produtores a prote\u00e7\u00e3o contra intemp\u00e9ries clim\u00e1ticas<\/p>\n","protected":false},"author":30,"featured_media":107270,"comment_status":"closed","ping_status":"0","sticky":false,"template":"","format":"standard","meta":{"footnotes":""},"categories":[8358,8356,1],"tags":[],"class_list":["post-107269","post","type-post","status-publish","format-standard","has-post-thumbnail","hentry","category-agricultura","category-jundiai","category-noticias"],"_links":{"self":[{"href":"https:\/\/tvtecjundiai.com.br\/news\/wp-json\/wp\/v2\/posts\/107269","targetHints":{"allow":["GET"]}}],"collection":[{"href":"https:\/\/tvtecjundiai.com.br\/news\/wp-json\/wp\/v2\/posts"}],"about":[{"href":"https:\/\/tvtecjundiai.com.br\/news\/wp-json\/wp\/v2\/types\/post"}],"author":[{"embeddable":true,"href":"https:\/\/tvtecjundiai.com.br\/news\/wp-json\/wp\/v2\/users\/30"}],"replies":[{"embeddable":true,"href":"https:\/\/tvtecjundiai.com.br\/news\/wp-json\/wp\/v2\/comments?post=107269"}],"version-history":[{"count":1,"href":"https:\/\/tvtecjundiai.com.br\/news\/wp-json\/wp\/v2\/posts\/107269\/revisions"}],"predecessor-version":[{"id":107271,"href":"https:\/\/tvtecjundiai.com.br\/news\/wp-json\/wp\/v2\/posts\/107269\/revisions\/107271"}],"wp:featuredmedia":[{"embeddable":true,"href":"https:\/\/tvtecjundiai.com.br\/news\/wp-json\/wp\/v2\/media\/107270"}],"wp:attachment":[{"href":"https:\/\/tvtecjundiai.com.br\/news\/wp-json\/wp\/v2\/media?parent=107269"}],"wp:term":[{"taxonomy":"category","embeddable":true,"href":"https:\/\/tvtecjundiai.com.br\/news\/wp-json\/wp\/v2\/categories?post=107269"},{"taxonomy":"post_tag","embeddable":true,"href":"https:\/\/tvtecjundiai.com.br\/news\/wp-json\/wp\/v2\/tags?post=107269"}],"curies":[{"name":"wp","href":"https:\/\/api.w.org\/{rel}","templated":true}]}}