{"id":107272,"date":"2023-03-29T11:47:58","date_gmt":"2023-03-29T14:47:58","guid":{"rendered":"https:\/\/tvtecjundiai.com.br\/news\/?p=107272"},"modified":"2023-03-29T11:48:10","modified_gmt":"2023-03-29T14:48:10","slug":"procon-faz-balanco-positivo-da-quinzena-do-consumidor","status":"publish","type":"post","link":"https:\/\/tvtecjundiai.com.br\/news\/2023\/03\/29\/procon-faz-balanco-positivo-da-quinzena-do-consumidor\/","title":{"rendered":"Procon Jundia\u00ed faz balan\u00e7o positivo da Quinzena do Consumidor"},"content":{"rendered":"\n<p>A Quinzena do Consumidor chegou ao fim. No per\u00edodo, o Procon de Jundia\u00ed desenvolveu a\u00e7\u00f5es com o objetivo de orientar os consumidores e fomentar o consumo consciente. Ao todo, 528 pessoas entre adultos e crian\u00e7as foram diretamente impactadas pela campanha.<\/p>\n\n\n\n<p>A \u00faltima a\u00e7\u00e3o desenvolvida foi a Trilha do Consumidor, um jogo de tabuleiro que ensina os direitos dos consumidores por meio da brincadeira, realizada na F\u00e1brica das Inf\u00e2ncias Japy. A pequena Lorrayne de Jesus Teixeira, de 8 anos, participou do jogo e revelou ter aprendido coisas importantes. \u201cDescobri que precisa olhar a data de validade das comidas no mercado, para n\u00e3o fazer mal para a nossa sa\u00fade\u201d.<\/p>\n\n\n\n<figure class=\"wp-block-image size-large\"><img loading=\"lazy\" decoding=\"async\" width=\"1200\" height=\"801\" src=\"https:\/\/tvtecjundiai.com.br\/news\/wp-content\/uploads\/sites\/2\/2023\/03\/trilha-do-consumidor_fabrica-das-infancias_m_-59-1280x854-1-1200x801.jpg\" alt=\"\" class=\"wp-image-107273\" srcset=\"https:\/\/tvtecjundiai.com.br\/news\/wp-content\/uploads\/sites\/2\/2023\/03\/trilha-do-consumidor_fabrica-das-infancias_m_-59-1280x854-1-1200x801.jpg 1200w, https:\/\/tvtecjundiai.com.br\/news\/wp-content\/uploads\/sites\/2\/2023\/03\/trilha-do-consumidor_fabrica-das-infancias_m_-59-1280x854-1-300x200.jpg 300w, https:\/\/tvtecjundiai.com.br\/news\/wp-content\/uploads\/sites\/2\/2023\/03\/trilha-do-consumidor_fabrica-das-infancias_m_-59-1280x854-1-768x512.jpg 768w, https:\/\/tvtecjundiai.com.br\/news\/wp-content\/uploads\/sites\/2\/2023\/03\/trilha-do-consumidor_fabrica-das-infancias_m_-59-1280x854-1.jpg 1280w\" sizes=\"auto, (max-width: 1200px) 100vw, 1200px\" \/><figcaption class=\"wp-element-caption\">Lorrayne teve uma manh\u00e3 repleta de aprendizados como consumidora<\/figcaption><\/figure>\n\n\n\n<p><\/p>\n\n\n\n<p>Lorrayne foi umas das 160 crian\u00e7as que participaram das iniciativas da Quinzena do Consumidor, que ainda contou com a atividade \u201cSupermercado Legal\u201d, na EMEB Nassib Cury, que ensina as crian\u00e7as a pesquisarem pre\u00e7os e fazerem as compras ideais em um supermercado.<\/p>\n\n\n\n<p><strong>Procon M\u00f3vel<\/strong><\/p>\n\n\n\n<p>Com o objetivo de atender e orientar os consumidores, o Procon ainda realizou a\u00e7\u00f5es com o Procon M\u00f3vel no Centro, Vila Maring\u00e1 e Parque Residencial Almerinda Chaves. No total foram realizados 368 atendimentos.<\/p>\n\n\n\n<figure class=\"wp-block-image size-large\"><img loading=\"lazy\" decoding=\"async\" width=\"1200\" height=\"801\" src=\"https:\/\/tvtecjundiai.com.br\/news\/wp-content\/uploads\/sites\/2\/2023\/03\/dia-do-consumidor_procon-no-centro_m_-56-1280x854-1-1200x801.jpg\" alt=\"\" class=\"wp-image-107274\" srcset=\"https:\/\/tvtecjundiai.com.br\/news\/wp-content\/uploads\/sites\/2\/2023\/03\/dia-do-consumidor_procon-no-centro_m_-56-1280x854-1-1200x801.jpg 1200w, https:\/\/tvtecjundiai.com.br\/news\/wp-content\/uploads\/sites\/2\/2023\/03\/dia-do-consumidor_procon-no-centro_m_-56-1280x854-1-300x200.jpg 300w, https:\/\/tvtecjundiai.com.br\/news\/wp-content\/uploads\/sites\/2\/2023\/03\/dia-do-consumidor_procon-no-centro_m_-56-1280x854-1-768x512.jpg 768w, https:\/\/tvtecjundiai.com.br\/news\/wp-content\/uploads\/sites\/2\/2023\/03\/dia-do-consumidor_procon-no-centro_m_-56-1280x854-1.jpg 1280w\" sizes=\"auto, (max-width: 1200px) 100vw, 1200px\" \/><figcaption class=\"wp-element-caption\">Equipe do Procon foi \u00e0s ruas para orientar os consumidores durante a Quinzena do Consumidor<\/figcaption><\/figure>\n\n\n\n<p><\/p>\n\n\n\n<p>\u201cConsideramos que as a\u00e7\u00f5es foram muito positivas e atingiram um bom n\u00famero de pessoas. Importante salientar que as crian\u00e7as s\u00e3o multiplicadoras da informa\u00e7\u00e3o e, al\u00e9m de aprenderem sobre o consumo consciente, podem levar o conhecimento para os familiares\u201d, avaliou a Chee do Procon de Jundia\u00ed, Val\u00e9ria Tavares.<\/p>\n\n\n\n<p>O Procon ainda divulgou o\u00a0ranking das reclama\u00e7\u00f5es fundamentadas e finalizadas no ano de 2022, al\u00e9m de fazer atualiza\u00e7\u00e3o do\u00a0<a rel=\"noreferrer noopener\" href=\"https:\/\/procon.jundiai.sp.gov.br\/formas-de-atendimento\/\" target=\"_blank\">site da institui\u00e7\u00e3o<\/a>.<\/p>\n\n\n\n<p><strong><em>(Fonte\/Imagens: Prefeitura de Jundia\u00ed)<\/em><\/strong><\/p>\n","protected":false},"excerpt":{"rendered":"<p>Ao todo, 528 pessoas entre adultos e crian\u00e7as foram diretamente impactadas pela campanha<\/p>\n","protected":false},"author":30,"featured_media":107274,"comment_status":"closed","ping_status":"0","sticky":false,"template":"","format":"standard","meta":{"footnotes":""},"categories":[8356,1],"tags":[],"class_list":["post-107272","post","type-post","status-publish","format-standard","has-post-thumbnail","hentry","category-jundiai","category-noticias"],"_links":{"self":[{"href":"https:\/\/tvtecjundiai.com.br\/news\/wp-json\/wp\/v2\/posts\/107272","targetHints":{"allow":["GET"]}}],"collection":[{"href":"https:\/\/tvtecjundiai.com.br\/news\/wp-json\/wp\/v2\/posts"}],"about":[{"href":"https:\/\/tvtecjundiai.com.br\/news\/wp-json\/wp\/v2\/types\/post"}],"author":[{"embeddable":true,"href":"https:\/\/tvtecjundiai.com.br\/news\/wp-json\/wp\/v2\/users\/30"}],"replies":[{"embeddable":true,"href":"https:\/\/tvtecjundiai.com.br\/news\/wp-json\/wp\/v2\/comments?post=107272"}],"version-history":[{"count":2,"href":"https:\/\/tvtecjundiai.com.br\/news\/wp-json\/wp\/v2\/posts\/107272\/revisions"}],"predecessor-version":[{"id":107276,"href":"https:\/\/tvtecjundiai.com.br\/news\/wp-json\/wp\/v2\/posts\/107272\/revisions\/107276"}],"wp:featuredmedia":[{"embeddable":true,"href":"https:\/\/tvtecjundiai.com.br\/news\/wp-json\/wp\/v2\/media\/107274"}],"wp:attachment":[{"href":"https:\/\/tvtecjundiai.com.br\/news\/wp-json\/wp\/v2\/media?parent=107272"}],"wp:term":[{"taxonomy":"category","embeddable":true,"href":"https:\/\/tvtecjundiai.com.br\/news\/wp-json\/wp\/v2\/categories?post=107272"},{"taxonomy":"post_tag","embeddable":true,"href":"https:\/\/tvtecjundiai.com.br\/news\/wp-json\/wp\/v2\/tags?post=107272"}],"curies":[{"name":"wp","href":"https:\/\/api.w.org\/{rel}","templated":true}]}}