{"id":107277,"date":"2023-03-29T13:34:58","date_gmt":"2023-03-29T16:34:58","guid":{"rendered":"https:\/\/tvtecjundiai.com.br\/news\/?p=107277"},"modified":"2023-03-29T15:17:33","modified_gmt":"2023-03-29T18:17:33","slug":"inscricoes-para-o-programa-de-voluntariado-do-hospital-sao-vicente-estao-abertas","status":"publish","type":"post","link":"https:\/\/tvtecjundiai.com.br\/news\/2023\/03\/29\/inscricoes-para-o-programa-de-voluntariado-do-hospital-sao-vicente-estao-abertas\/","title":{"rendered":"Inscri\u00e7\u00f5es para o programa de voluntariado do Hospital S\u00e3o Vicente est\u00e3o abertas"},"content":{"rendered":"\n<p>Visando dar continuidade aos novos e antigos projetos da institui\u00e7\u00e3o, est\u00e3o abertas as inscri\u00e7\u00f5es para os interessados em participar do programa S\u00e3o Vicente Voluntariado do Hospital de Caridade S\u00e3o Vicente de Paulo (HSV).<\/p>\n\n\n\n<p>Com 18 vagas abertas para a \u00e1rea de acolhimento dos pacientes e usu\u00e1rios do Pronto Atendimento Central, o processo seletivo ser\u00e1 realizado pelo coordenador do projeto na unidade, Jardel Campelo. O candidato deve ter mais de 18 anos e disponibilidade de trabalho para 3h semanais.<\/p>\n\n\n\n<p>As inscri\u00e7\u00f5es seguem at\u00e9 o preenchimento total das vagas e podem ser realizadas pelo e-mail&nbsp;<a rel=\"noreferrer noopener\" href=\"mailto:jardelmachadocampelo@hotmail.com\" target=\"_blank\">jardelmachadocampelo@hotmail.com<\/a>. Os interessados devem enviar o nome completo, data de nascimento, telefone para contato e WhatsApp.<\/p>\n\n\n<div class=\"wp-block-image\">\n<figure class=\"aligncenter size-full is-resized\"><img loading=\"lazy\" decoding=\"async\" src=\"https:\/\/tvtecjundiai.com.br\/news\/wp-content\/uploads\/sites\/2\/2023\/03\/hospital-sao-vicente-hsv.jpg\" alt=\"\" class=\"wp-image-106829\" width=\"630\" height=\"420\" srcset=\"https:\/\/tvtecjundiai.com.br\/news\/wp-content\/uploads\/sites\/2\/2023\/03\/hospital-sao-vicente-hsv.jpg 768w, https:\/\/tvtecjundiai.com.br\/news\/wp-content\/uploads\/sites\/2\/2023\/03\/hospital-sao-vicente-hsv-300x200.jpg 300w\" sizes=\"auto, (max-width: 630px) 100vw, 630px\" \/><\/figure>\n<\/div>\n\n\n<p><\/p>\n\n\n\n<p><strong><em>(Fonte\/Imagem: Assessoria Hospital S\u00e3o Vicente)<\/em><\/strong><\/p>\n","protected":false},"excerpt":{"rendered":"<p>O candidato deve ter mais de 18 anos e disponibilidade de trabalho para 3h semanais<\/p>\n","protected":false},"author":30,"featured_media":106829,"comment_status":"closed","ping_status":"0","sticky":false,"template":"","format":"standard","meta":{"footnotes":""},"categories":[8356,1],"tags":[],"class_list":["post-107277","post","type-post","status-publish","format-standard","has-post-thumbnail","hentry","category-jundiai","category-noticias"],"_links":{"self":[{"href":"https:\/\/tvtecjundiai.com.br\/news\/wp-json\/wp\/v2\/posts\/107277","targetHints":{"allow":["GET"]}}],"collection":[{"href":"https:\/\/tvtecjundiai.com.br\/news\/wp-json\/wp\/v2\/posts"}],"about":[{"href":"https:\/\/tvtecjundiai.com.br\/news\/wp-json\/wp\/v2\/types\/post"}],"author":[{"embeddable":true,"href":"https:\/\/tvtecjundiai.com.br\/news\/wp-json\/wp\/v2\/users\/30"}],"replies":[{"embeddable":true,"href":"https:\/\/tvtecjundiai.com.br\/news\/wp-json\/wp\/v2\/comments?post=107277"}],"version-history":[{"count":2,"href":"https:\/\/tvtecjundiai.com.br\/news\/wp-json\/wp\/v2\/posts\/107277\/revisions"}],"predecessor-version":[{"id":107298,"href":"https:\/\/tvtecjundiai.com.br\/news\/wp-json\/wp\/v2\/posts\/107277\/revisions\/107298"}],"wp:featuredmedia":[{"embeddable":true,"href":"https:\/\/tvtecjundiai.com.br\/news\/wp-json\/wp\/v2\/media\/106829"}],"wp:attachment":[{"href":"https:\/\/tvtecjundiai.com.br\/news\/wp-json\/wp\/v2\/media?parent=107277"}],"wp:term":[{"taxonomy":"category","embeddable":true,"href":"https:\/\/tvtecjundiai.com.br\/news\/wp-json\/wp\/v2\/categories?post=107277"},{"taxonomy":"post_tag","embeddable":true,"href":"https:\/\/tvtecjundiai.com.br\/news\/wp-json\/wp\/v2\/tags?post=107277"}],"curies":[{"name":"wp","href":"https:\/\/api.w.org\/{rel}","templated":true}]}}