{"id":107310,"date":"2023-03-30T09:36:20","date_gmt":"2023-03-30T12:36:20","guid":{"rendered":"https:\/\/tvtecjundiai.com.br\/news\/?p=107310"},"modified":"2023-03-30T10:05:40","modified_gmt":"2023-03-30T13:05:40","slug":"prefeitura-apresenta-lei-de-diretrizes-orcamentarias-em-audiencia-publica","status":"publish","type":"post","link":"https:\/\/tvtecjundiai.com.br\/news\/2023\/03\/30\/prefeitura-apresenta-lei-de-diretrizes-orcamentarias-em-audiencia-publica\/","title":{"rendered":"Prefeitura apresenta Lei de Diretrizes Or\u00e7ament\u00e1rias em audi\u00eancia p\u00fablica nesta quinta (30)"},"content":{"rendered":"\n<p>A Unidade de Gest\u00e3o de Governo e Finan\u00e7as (UGGF) realiza nesta quinta-feira (30), \u00e0s 18h30, uma audi\u00eancia p\u00fablica para apresenta\u00e7\u00e3o do projeto de Lei de Diretrizes Or\u00e7ament\u00e1rias (LDO) referente ao ano de 2024. A audi\u00eancia ser\u00e1 realizada de forma presencial na Funda\u00e7\u00e3o Escola TVTEC Jundia\u00ed e transmitida pelo Facebook e Youtube da TVTEC e Facebook da Prefeitura de Jundia\u00ed, al\u00e9m do canal 24 da NET.<\/p>\n\n\n\n<p>\u201cA audi\u00eancia p\u00fablica \u00e9 realizada com o objetivo de promover a transpar\u00eancia do servi\u00e7o p\u00fablico e mostrar ao cidad\u00e3o, de forma clara, para quais \u00e1reas \u00e9 direcionado o recurso dos impostos pagos por eles\u201d, afirmou o Gestor de Governo e Finan\u00e7as, Jos\u00e9 Antonio Parimoschi.<\/p>\n\n\n\n<figure class=\"wp-block-image size-large\"><img loading=\"lazy\" decoding=\"async\" width=\"1200\" height=\"800\" src=\"https:\/\/tvtecjundiai.com.br\/news\/wp-content\/uploads\/sites\/2\/2023\/03\/audiencia-publica-loa_fm_-31-1200x800.jpg\" alt=\"\" class=\"wp-image-107319\" srcset=\"https:\/\/tvtecjundiai.com.br\/news\/wp-content\/uploads\/sites\/2\/2023\/03\/audiencia-publica-loa_fm_-31-1200x800.jpg 1200w, https:\/\/tvtecjundiai.com.br\/news\/wp-content\/uploads\/sites\/2\/2023\/03\/audiencia-publica-loa_fm_-31-300x200.jpg 300w, https:\/\/tvtecjundiai.com.br\/news\/wp-content\/uploads\/sites\/2\/2023\/03\/audiencia-publica-loa_fm_-31-768x512.jpg 768w, https:\/\/tvtecjundiai.com.br\/news\/wp-content\/uploads\/sites\/2\/2023\/03\/audiencia-publica-loa_fm_-31.jpg 1280w\" sizes=\"auto, (max-width: 1200px) 100vw, 1200px\" \/><figcaption class=\"wp-element-caption\">Audi\u00eancia p\u00fablica do projeto de Lei de Diretrizes Or\u00e7ament\u00e1rias (LDO) ter\u00e1 transmiss\u00e3o online<\/figcaption><\/figure>\n\n\n\n<p><\/p>\n\n\n\n<p>A LDO \u00e9 a pe\u00e7a que norteia a prepara\u00e7\u00e3o do Or\u00e7amento Municipal do ano seguinte, estabelecendo as metas e as prioridades. Ela deve ser elaborada logo no in\u00edcio de cada ano e encaminhada para aprova\u00e7\u00e3o do Poder Legislativo.<\/p>\n\n\n\n<p>Durante a audi\u00eancia, os mun\u00edcipes poder\u00e3o enviar contribui\u00e7\u00f5es e apontamentos, al\u00e9m de fazer questionamentos. A Funda\u00e7\u00e3o TVTEC est\u00e1 localizada no Complexo Argos, que fica na av. Dr. Cavalcanti, 396, Vila Arens.<\/p>\n\n\n\n<p><strong><em>(Fonte\/Imagem: Prefeitura de Jundia\u00ed)<\/em><\/strong><\/p>\n","protected":false},"excerpt":{"rendered":"<p>A audi\u00eancia ser\u00e1 realizada de forma presencial na Funda\u00e7\u00e3o Escola TVTEC Jundia\u00ed<\/p>\n","protected":false},"author":30,"featured_media":107319,"comment_status":"closed","ping_status":"0","sticky":false,"template":"","format":"standard","meta":{"footnotes":""},"categories":[8357,8356,1],"tags":[],"class_list":["post-107310","post","type-post","status-publish","format-standard","has-post-thumbnail","hentry","category-gestao","category-jundiai","category-noticias"],"_links":{"self":[{"href":"https:\/\/tvtecjundiai.com.br\/news\/wp-json\/wp\/v2\/posts\/107310","targetHints":{"allow":["GET"]}}],"collection":[{"href":"https:\/\/tvtecjundiai.com.br\/news\/wp-json\/wp\/v2\/posts"}],"about":[{"href":"https:\/\/tvtecjundiai.com.br\/news\/wp-json\/wp\/v2\/types\/post"}],"author":[{"embeddable":true,"href":"https:\/\/tvtecjundiai.com.br\/news\/wp-json\/wp\/v2\/users\/30"}],"replies":[{"embeddable":true,"href":"https:\/\/tvtecjundiai.com.br\/news\/wp-json\/wp\/v2\/comments?post=107310"}],"version-history":[{"count":3,"href":"https:\/\/tvtecjundiai.com.br\/news\/wp-json\/wp\/v2\/posts\/107310\/revisions"}],"predecessor-version":[{"id":107330,"href":"https:\/\/tvtecjundiai.com.br\/news\/wp-json\/wp\/v2\/posts\/107310\/revisions\/107330"}],"wp:featuredmedia":[{"embeddable":true,"href":"https:\/\/tvtecjundiai.com.br\/news\/wp-json\/wp\/v2\/media\/107319"}],"wp:attachment":[{"href":"https:\/\/tvtecjundiai.com.br\/news\/wp-json\/wp\/v2\/media?parent=107310"}],"wp:term":[{"taxonomy":"category","embeddable":true,"href":"https:\/\/tvtecjundiai.com.br\/news\/wp-json\/wp\/v2\/categories?post=107310"},{"taxonomy":"post_tag","embeddable":true,"href":"https:\/\/tvtecjundiai.com.br\/news\/wp-json\/wp\/v2\/tags?post=107310"}],"curies":[{"name":"wp","href":"https:\/\/api.w.org\/{rel}","templated":true}]}}