{"id":107323,"date":"2023-03-30T09:47:42","date_gmt":"2023-03-30T12:47:42","guid":{"rendered":"https:\/\/tvtecjundiai.com.br\/news\/?p=107323"},"modified":"2023-03-30T09:47:49","modified_gmt":"2023-03-30T12:47:49","slug":"secretaria-de-garca-conhece-equipamentos-de-saude-em-jundiai","status":"publish","type":"post","link":"https:\/\/tvtecjundiai.com.br\/news\/2023\/03\/30\/secretaria-de-garca-conhece-equipamentos-de-saude-em-jundiai\/","title":{"rendered":"Secretaria de Gar\u00e7a conhece equipamentos de sa\u00fade em Jundia\u00ed"},"content":{"rendered":"\n<p>Profissionais da Secretaria de Sa\u00fade de Gar\u00e7a, na regi\u00e3o Centro-Oeste do estado, estiveram em Jundia\u00ed nesta quarta-feira (29) para conhecer as instala\u00e7\u00f5es e o atendimento da Cl\u00ednica da Fam\u00edlia e da Unidade de Apoio da Vila Hortol\u00e2ndia. Eles foram recebidos pela gestora-adjunta de Sa\u00fade de Jundia\u00ed, Dra. Dayane Martins, e por profissionais da sa\u00fade dos equipamentos.<\/p>\n\n\n\n<p>A secret\u00e1ria Deyse Regina Serapi\u00e3o Grejo esteve acompanhada do diretor de Almoxarifado da Prefeitura de Gar\u00e7a, F\u00e1bio Henrique Lopes Mingatos. Durante a visita, os profissionais visitaram os consult\u00f3rios e conheceram o atendimento especial dado \u00e0s crian\u00e7as na rede municipal, com espa\u00e7os de brincar, atua\u00e7\u00e3o intersetorial, receitu\u00e1rio do brincar, teleinterconsulta com atendimento de psiquiatra infantil, entre outras a\u00e7\u00f5es.<\/p>\n\n\n\n<figure class=\"wp-block-image size-large\"><img loading=\"lazy\" decoding=\"async\" width=\"1200\" height=\"801\" src=\"https:\/\/tvtecjundiai.com.br\/news\/wp-content\/uploads\/sites\/2\/2023\/03\/clinica-da-familia-hortolandia-visita-da-secretaria-municipal-de-saude-de-garca-dayane-martins_fm_-42-1280x854-1-1200x801.jpg\" alt=\"\" class=\"wp-image-107326\" srcset=\"https:\/\/tvtecjundiai.com.br\/news\/wp-content\/uploads\/sites\/2\/2023\/03\/clinica-da-familia-hortolandia-visita-da-secretaria-municipal-de-saude-de-garca-dayane-martins_fm_-42-1280x854-1-1200x801.jpg 1200w, https:\/\/tvtecjundiai.com.br\/news\/wp-content\/uploads\/sites\/2\/2023\/03\/clinica-da-familia-hortolandia-visita-da-secretaria-municipal-de-saude-de-garca-dayane-martins_fm_-42-1280x854-1-300x200.jpg 300w, https:\/\/tvtecjundiai.com.br\/news\/wp-content\/uploads\/sites\/2\/2023\/03\/clinica-da-familia-hortolandia-visita-da-secretaria-municipal-de-saude-de-garca-dayane-martins_fm_-42-1280x854-1-768x512.jpg 768w, https:\/\/tvtecjundiai.com.br\/news\/wp-content\/uploads\/sites\/2\/2023\/03\/clinica-da-familia-hortolandia-visita-da-secretaria-municipal-de-saude-de-garca-dayane-martins_fm_-42-1280x854-1.jpg 1280w\" sizes=\"auto, (max-width: 1200px) 100vw, 1200px\" \/><\/figure>\n\n\n\n<p><\/p>\n\n\n\n<p>A comitiva tamb\u00e9m conheceu o banco de dados que organiza decis\u00f5es de a\u00e7\u00f5es relacionadas ao bem-estar da popula\u00e7\u00e3o, que mapeia o perfil de cada paciente cadastrado no equipamento de sa\u00fade do bairro, principalmente as pessoas com comorbidades.<\/p>\n\n\n\n<p>A secret\u00e1ria elogiou bastante a recep\u00e7\u00e3o e o trabalho realizado na sa\u00fade de Jundia\u00ed. \u201cSuperou as nossas expectativas e n\u00f3s vamos levar para a nossa cidade essas experi\u00eancias e colocar em pr\u00e1tica um pouco do que vimos hoje\u201d.<\/p>\n\n\n\n<p>\u201cA import\u00e2ncia desse tipo de interc\u00e2mbio com outras cidades \u00e9 multiplicar todo o conceito de uma assist\u00eancia mais resolutiva no nosso SUS, que \u00e9 um s\u00f3, e que n\u00f3s estamos conseguindo implantar aqui em Jundia\u00ed\u201d, lembra a gestora-adjunta de Sa\u00fade, Dayane Martins.<\/p>\n\n\n\n<figure class=\"wp-block-image size-large\"><img loading=\"lazy\" decoding=\"async\" width=\"1200\" height=\"801\" src=\"https:\/\/tvtecjundiai.com.br\/news\/wp-content\/uploads\/sites\/2\/2023\/03\/clinica-da-familia-hortolandia-visita-da-secretaria-municipal-de-saude-de-garca-dayane-martins_fm_-1-1280x854-1-1200x801.jpg\" alt=\"\" class=\"wp-image-107327\" srcset=\"https:\/\/tvtecjundiai.com.br\/news\/wp-content\/uploads\/sites\/2\/2023\/03\/clinica-da-familia-hortolandia-visita-da-secretaria-municipal-de-saude-de-garca-dayane-martins_fm_-1-1280x854-1-1200x801.jpg 1200w, https:\/\/tvtecjundiai.com.br\/news\/wp-content\/uploads\/sites\/2\/2023\/03\/clinica-da-familia-hortolandia-visita-da-secretaria-municipal-de-saude-de-garca-dayane-martins_fm_-1-1280x854-1-300x200.jpg 300w, https:\/\/tvtecjundiai.com.br\/news\/wp-content\/uploads\/sites\/2\/2023\/03\/clinica-da-familia-hortolandia-visita-da-secretaria-municipal-de-saude-de-garca-dayane-martins_fm_-1-1280x854-1-768x512.jpg 768w, https:\/\/tvtecjundiai.com.br\/news\/wp-content\/uploads\/sites\/2\/2023\/03\/clinica-da-familia-hortolandia-visita-da-secretaria-municipal-de-saude-de-garca-dayane-martins_fm_-1-1280x854-1.jpg 1280w\" sizes=\"auto, (max-width: 1200px) 100vw, 1200px\" \/><\/figure>\n\n\n\n<p><\/p>\n\n\n\n<p><strong><em>(Fonte\/Imagens: Prefeitura de Jundia\u00ed)<\/em><\/strong><\/p>\n","protected":false},"excerpt":{"rendered":"<p>Visitantes foram recebidos pela gestora-adjunta de Sa\u00fade de Jundia\u00ed, Dayane Martins<\/p>\n","protected":false},"author":30,"featured_media":107326,"comment_status":"closed","ping_status":"0","sticky":false,"template":"","format":"standard","meta":{"footnotes":""},"categories":[8356,1,2839,8355],"tags":[],"class_list":["post-107323","post","type-post","status-publish","format-standard","has-post-thumbnail","hentry","category-jundiai","category-noticias","category-saude","category-saude-3"],"_links":{"self":[{"href":"https:\/\/tvtecjundiai.com.br\/news\/wp-json\/wp\/v2\/posts\/107323","targetHints":{"allow":["GET"]}}],"collection":[{"href":"https:\/\/tvtecjundiai.com.br\/news\/wp-json\/wp\/v2\/posts"}],"about":[{"href":"https:\/\/tvtecjundiai.com.br\/news\/wp-json\/wp\/v2\/types\/post"}],"author":[{"embeddable":true,"href":"https:\/\/tvtecjundiai.com.br\/news\/wp-json\/wp\/v2\/users\/30"}],"replies":[{"embeddable":true,"href":"https:\/\/tvtecjundiai.com.br\/news\/wp-json\/wp\/v2\/comments?post=107323"}],"version-history":[{"count":1,"href":"https:\/\/tvtecjundiai.com.br\/news\/wp-json\/wp\/v2\/posts\/107323\/revisions"}],"predecessor-version":[{"id":107328,"href":"https:\/\/tvtecjundiai.com.br\/news\/wp-json\/wp\/v2\/posts\/107323\/revisions\/107328"}],"wp:featuredmedia":[{"embeddable":true,"href":"https:\/\/tvtecjundiai.com.br\/news\/wp-json\/wp\/v2\/media\/107326"}],"wp:attachment":[{"href":"https:\/\/tvtecjundiai.com.br\/news\/wp-json\/wp\/v2\/media?parent=107323"}],"wp:term":[{"taxonomy":"category","embeddable":true,"href":"https:\/\/tvtecjundiai.com.br\/news\/wp-json\/wp\/v2\/categories?post=107323"},{"taxonomy":"post_tag","embeddable":true,"href":"https:\/\/tvtecjundiai.com.br\/news\/wp-json\/wp\/v2\/tags?post=107323"}],"curies":[{"name":"wp","href":"https:\/\/api.w.org\/{rel}","templated":true}]}}