{"id":107329,"date":"2023-03-30T10:07:09","date_gmt":"2023-03-30T13:07:09","guid":{"rendered":"https:\/\/tvtecjundiai.com.br\/news\/?p=107329"},"modified":"2023-03-30T10:07:13","modified_gmt":"2023-03-30T13:07:13","slug":"excelencia-na-gestao-faz-iprejun-manter-certificacao-pro-gestao-iv","status":"publish","type":"post","link":"https:\/\/tvtecjundiai.com.br\/news\/2023\/03\/30\/excelencia-na-gestao-faz-iprejun-manter-certificacao-pro-gestao-iv\/","title":{"rendered":"Excel\u00eancia na gest\u00e3o faz IPREJUN manter certifica\u00e7\u00e3o Pr\u00f3-Gest\u00e3o IV"},"content":{"rendered":"\n<p>A excel\u00eancia na gest\u00e3o fez com que, ap\u00f3s auditoria, o Instituto de Previd\u00eancia de Jundia\u00ed (IPREJUN) conquistasse a manuten\u00e7\u00e3o do Pr\u00f3-Gest\u00e3o IV, o mais alto n\u00edvel da Certifica\u00e7\u00e3o Institucional e Moderniza\u00e7\u00e3o da Gest\u00e3o dos Regimes Pr\u00f3prios de Previd\u00eancia Social (RPPS) do Brasil.<\/p>\n\n\n\n<p>Apenas o Instituto jundiaiense e os RPPSs da cidade de Manaus e estado de Rond\u00f4nia t\u00eam o mesmo n\u00edvel. A revis\u00e3o foi realizada pelo Instituto Totum nos dias 27 e 28 de mar\u00e7o, que constatou que o IPREJUN segue atendendo aos 24 n\u00edveis de ader\u00eancia, distribu\u00eddos em tr\u00eas dimens\u00f5es: controles internos, governan\u00e7a corporativa e educa\u00e7\u00e3o previdenci\u00e1ria. Entre os pontos est\u00e3o mapeamento dos processos, manualiza\u00e7\u00e3o, treinamentos e capacita\u00e7\u00f5es, avalia\u00e7\u00e3o de compet\u00eancias de conselheiros e diretoria, entre outros.<\/p>\n\n\n\n<p>Segundo o auditor do Totum, Jos\u00e9 Luiz Da Silva Junior, trata-se do grau mais complexo da certifica\u00e7\u00e3o, em raz\u00e3o do maior grau de exig\u00eancia das a\u00e7\u00f5es no n\u00edvel alcan\u00e7ado. \u201cO IPREJUN mostra um modelo de gest\u00e3o que garante que garante a perenidade. Com isso, temos certeza que l\u00e1 na frente o instituto conseguir\u00e1 cumprir com o seu papel com os servidores.\u201d<\/p>\n\n\n\n<p>O auditor destacou que j\u00e1 havia ouvido falar do trabalho desenvolvido em Jundia\u00ed. \u201c\u00c9 uma grata surpresa ver o IPREJUN nesse n\u00edvel, com o sistema solidificado. \u00c9 um \u00f3timo trabalho que n\u00e3o vem de hoje. Realizei uma auditoria em Teresina (PI), e l\u00e1 me contaram que vieram aprender com Jundia\u00ed. Voc\u00eas s\u00e3o refer\u00eancia\u201d, disse ele, que parabenizou a equipe. &nbsp;<\/p>\n\n\n\n<p>Segundo o diretor-presidente do IPREJUN, Jo\u00e3o Figueiredo, Jundia\u00ed recebe com frequ\u00eancia a visita de outros munic\u00edpios e Estados interessados em aprender com a experi\u00eancia do IPREJUN. \u201cO trabalho realizado aqui \u00e9 resultado do empenho e seriedade de todos os servidores. E o resultado \u00e9 a manuten\u00e7\u00e3o dessa certifica\u00e7\u00e3o t\u00e3o importante para n\u00f3s.\u201d<\/p>\n\n\n\n<figure class=\"wp-block-image size-large\"><img loading=\"lazy\" decoding=\"async\" width=\"1200\" height=\"900\" src=\"https:\/\/tvtecjundiai.com.br\/news\/wp-content\/uploads\/sites\/2\/2023\/03\/20230328_162836-1280x960-1-1200x900.jpg\" alt=\"\" class=\"wp-image-107332\" srcset=\"https:\/\/tvtecjundiai.com.br\/news\/wp-content\/uploads\/sites\/2\/2023\/03\/20230328_162836-1280x960-1-1200x900.jpg 1200w, https:\/\/tvtecjundiai.com.br\/news\/wp-content\/uploads\/sites\/2\/2023\/03\/20230328_162836-1280x960-1-300x225.jpg 300w, https:\/\/tvtecjundiai.com.br\/news\/wp-content\/uploads\/sites\/2\/2023\/03\/20230328_162836-1280x960-1-768x576.jpg 768w, https:\/\/tvtecjundiai.com.br\/news\/wp-content\/uploads\/sites\/2\/2023\/03\/20230328_162836-1280x960-1.jpg 1280w\" sizes=\"auto, (max-width: 1200px) 100vw, 1200px\" \/><\/figure>\n\n\n\n<p><\/p>\n\n\n\n<p>O Pr\u00f3-Gest\u00e3o RPPS foi criado para incentivar os RPPS a adotarem melhores pr\u00e1ticas de gest\u00e3o previdenci\u00e1ria, de forma a proporcionar maior controle dos seus ativos e passivos e a conferir mais transpar\u00eancia no relacionamento com os segurados e a sociedade.<\/p>\n\n\n\n<p>O IPREJUN aderiu ao Pr\u00f3-Gest\u00e3o RPPS em 2018, quando iniciou um processo de planejamento e v\u00e1rias adequa\u00e7\u00f5es para atender aos requisitos. \u00a0\u00c0 \u00e9poca, houve uma reestrutura\u00e7\u00e3o interna e os servidores normatizaram as atividades dentro dos padr\u00f5es de governan\u00e7a exigidos.<\/p>\n\n\n\n<p><strong><em>(Fonte\/Imagem: Prefeitura de Jundia\u00ed)<\/em><\/strong><\/p>\n","protected":false},"excerpt":{"rendered":"<p>A revis\u00e3o foi realizada pelo Instituto Totum nos dias 27 e 28 de mar\u00e7o<\/p>\n","protected":false},"author":30,"featured_media":107332,"comment_status":"closed","ping_status":"0","sticky":false,"template":"","format":"standard","meta":{"footnotes":""},"categories":[8357,8356,1],"tags":[],"class_list":["post-107329","post","type-post","status-publish","format-standard","has-post-thumbnail","hentry","category-gestao","category-jundiai","category-noticias"],"_links":{"self":[{"href":"https:\/\/tvtecjundiai.com.br\/news\/wp-json\/wp\/v2\/posts\/107329","targetHints":{"allow":["GET"]}}],"collection":[{"href":"https:\/\/tvtecjundiai.com.br\/news\/wp-json\/wp\/v2\/posts"}],"about":[{"href":"https:\/\/tvtecjundiai.com.br\/news\/wp-json\/wp\/v2\/types\/post"}],"author":[{"embeddable":true,"href":"https:\/\/tvtecjundiai.com.br\/news\/wp-json\/wp\/v2\/users\/30"}],"replies":[{"embeddable":true,"href":"https:\/\/tvtecjundiai.com.br\/news\/wp-json\/wp\/v2\/comments?post=107329"}],"version-history":[{"count":1,"href":"https:\/\/tvtecjundiai.com.br\/news\/wp-json\/wp\/v2\/posts\/107329\/revisions"}],"predecessor-version":[{"id":107334,"href":"https:\/\/tvtecjundiai.com.br\/news\/wp-json\/wp\/v2\/posts\/107329\/revisions\/107334"}],"wp:featuredmedia":[{"embeddable":true,"href":"https:\/\/tvtecjundiai.com.br\/news\/wp-json\/wp\/v2\/media\/107332"}],"wp:attachment":[{"href":"https:\/\/tvtecjundiai.com.br\/news\/wp-json\/wp\/v2\/media?parent=107329"}],"wp:term":[{"taxonomy":"category","embeddable":true,"href":"https:\/\/tvtecjundiai.com.br\/news\/wp-json\/wp\/v2\/categories?post=107329"},{"taxonomy":"post_tag","embeddable":true,"href":"https:\/\/tvtecjundiai.com.br\/news\/wp-json\/wp\/v2\/tags?post=107329"}],"curies":[{"name":"wp","href":"https:\/\/api.w.org\/{rel}","templated":true}]}}