{"id":107345,"date":"2023-03-30T13:40:00","date_gmt":"2023-03-30T16:40:00","guid":{"rendered":"https:\/\/tvtecjundiai.com.br\/news\/?p=107345"},"modified":"2023-03-30T13:40:05","modified_gmt":"2023-03-30T16:40:05","slug":"estacionamento-do-espaco-expressa-reabre-com-550-vagas-e-revitalizado","status":"publish","type":"post","link":"https:\/\/tvtecjundiai.com.br\/news\/2023\/03\/30\/estacionamento-do-espaco-expressa-reabre-com-550-vagas-e-revitalizado\/","title":{"rendered":"Estacionamento do Espa\u00e7o Expressa reabre com 550 vagas e revitalizado"},"content":{"rendered":"\n<p>A Prefeitura reabriu na \u00faltima semana o galp\u00e3o de estacionamento do Espa\u00e7o Expressa (antigo Complexo Fepasa), ap\u00f3s as obras de revitaliza\u00e7\u00e3o de sua cobertura. Com investimentos de cerca de R$ 3 milh\u00f5es, as interven\u00e7\u00f5es fazem parte das melhorias em andamento para a revitaliza\u00e7\u00e3o do local. &nbsp;<\/p>\n\n\n\n<p>A \u00e1rea tem 7,5 mil m\u00b2 e ganhou nova cobertura, com telhas de zinco com isolamento ac\u00fastico e t\u00e9rmico, al\u00e9m de telhas transl\u00facidas, com o objetivo de melhorar o aproveitamento da luz do sol. A cobertura ganhou tamb\u00e9m novas calhas e condutores de \u00e1guas pluviais, e foi realizada ainda a pintura das tesouras met\u00e1licas, colunas de sustenta\u00e7\u00e3o e pontes rolantes.<\/p>\n\n\n\n<p>J\u00e1 o solo ganhou nova pintura vi\u00e1ria e demarca\u00e7\u00f5es \u2013 fazendo saltar de 300 para 550 o n\u00famero de vagas para ve\u00edculos -, al\u00e9m da implanta\u00e7\u00e3o de divisas.<\/p>\n\n\n\n<figure class=\"wp-block-image size-large\"><img loading=\"lazy\" decoding=\"async\" width=\"1200\" height=\"801\" src=\"https:\/\/tvtecjundiai.com.br\/news\/wp-content\/uploads\/sites\/2\/2023\/03\/novo_telhado_estacionamento_expressa_personagens_pa-26-1280x854-1-1200x801.jpg\" alt=\"\" class=\"wp-image-107346\" srcset=\"https:\/\/tvtecjundiai.com.br\/news\/wp-content\/uploads\/sites\/2\/2023\/03\/novo_telhado_estacionamento_expressa_personagens_pa-26-1280x854-1-1200x801.jpg 1200w, https:\/\/tvtecjundiai.com.br\/news\/wp-content\/uploads\/sites\/2\/2023\/03\/novo_telhado_estacionamento_expressa_personagens_pa-26-1280x854-1-300x200.jpg 300w, https:\/\/tvtecjundiai.com.br\/news\/wp-content\/uploads\/sites\/2\/2023\/03\/novo_telhado_estacionamento_expressa_personagens_pa-26-1280x854-1-768x512.jpg 768w, https:\/\/tvtecjundiai.com.br\/news\/wp-content\/uploads\/sites\/2\/2023\/03\/novo_telhado_estacionamento_expressa_personagens_pa-26-1280x854-1.jpg 1280w\" sizes=\"auto, (max-width: 1200px) 100vw, 1200px\" \/><figcaption class=\"wp-element-caption\">Nova cobertura garante isolamento ac\u00fastico e t\u00e9rmico, al\u00e9m do aproveitamento da luz do sol<\/figcaption><\/figure>\n\n\n\n<p><\/p>\n\n\n\n<p>\u201cO Expressa \u00e9 um espa\u00e7o em transforma\u00e7\u00e3o e isso passa, n\u00e3o s\u00f3 pela sua voca\u00e7\u00e3o enquanto equipamento cultural, como tamb\u00e9m pela regularidade com que s\u00e3o entregues as melhorias de suas instala\u00e7\u00f5es. Isso traz n\u00e3o s\u00f3 a melhoria da experi\u00eancia das pessoas que frequentam o local, como tamb\u00e9m a preserva\u00e7\u00e3o deste importante patrim\u00f4nio da cidade\u201d, comentou o gestor de Cultura, Marcelo Peroni.<\/p>\n\n\n\n<p>J\u00e1 o diretor de Gest\u00e3o do Expressa, William Paix\u00e3o, refor\u00e7ou que ainda est\u00e3o previstas novas frentes de trabalho. \u201cO estacionamento foi reaberto para os usu\u00e1rios, mas as interven\u00e7\u00f5es no local continuam, com a pintura das paredes, nova ilumina\u00e7\u00e3o e troca de vidros. Entendemos que estas novas etapas s\u00e3o compat\u00edveis com o uso do local e, por isso, optou-se j\u00e1 por sua abertura, pensando na comodidade dos usu\u00e1rios\u201d.<\/p>\n\n\n\n<figure class=\"wp-block-image size-large\"><img loading=\"lazy\" decoding=\"async\" width=\"1200\" height=\"801\" src=\"https:\/\/tvtecjundiai.com.br\/news\/wp-content\/uploads\/sites\/2\/2023\/03\/novo_telhado_estacionamento_expressa_personagens_pa-2-1280x854-1-1200x801.jpg\" alt=\"\" class=\"wp-image-107347\" srcset=\"https:\/\/tvtecjundiai.com.br\/news\/wp-content\/uploads\/sites\/2\/2023\/03\/novo_telhado_estacionamento_expressa_personagens_pa-2-1280x854-1-1200x801.jpg 1200w, https:\/\/tvtecjundiai.com.br\/news\/wp-content\/uploads\/sites\/2\/2023\/03\/novo_telhado_estacionamento_expressa_personagens_pa-2-1280x854-1-300x200.jpg 300w, https:\/\/tvtecjundiai.com.br\/news\/wp-content\/uploads\/sites\/2\/2023\/03\/novo_telhado_estacionamento_expressa_personagens_pa-2-1280x854-1-768x512.jpg 768w, https:\/\/tvtecjundiai.com.br\/news\/wp-content\/uploads\/sites\/2\/2023\/03\/novo_telhado_estacionamento_expressa_personagens_pa-2-1280x854-1.jpg 1280w\" sizes=\"auto, (max-width: 1200px) 100vw, 1200px\" \/><\/figure>\n\n\n\n<p><\/p>\n\n\n\n<p>A professora municipal aposentada Roseli Chareli foi uma das visitantes do local, na manh\u00e3 desta quarta-feira (29). \u201cVim aqui para renovar meu RG e fui surpreendida com a novidade. Achei excelente, pois \u00e9 um estacionamento gratuito e coberto. Da outra vez que vim, estacionei l\u00e1 fora. Quando estava sol pegava poeira. Quando chovia pegava lama. Acabei comentar com outra pessoa que encontrei no caminho\u201d, comentou a moradora do Jardim Boa Vista.<\/p>\n\n\n\n<p>Morador da Agapeama, o empres\u00e1rio Alexandre Lupinacci foi ao Expressa renovar sua habilita\u00e7\u00e3o. \u201cFazia tempo que eu n\u00e3o vinha aqui e est\u00e1 bem diferente. Isso traz muita comodidade para quem vem. Inclusive a temperatura do galp\u00e3o \u00e9 agrad\u00e1vel\u201d.<\/p>\n\n\n\n<figure class=\"wp-block-image size-large\"><img loading=\"lazy\" decoding=\"async\" width=\"1200\" height=\"801\" src=\"https:\/\/tvtecjundiai.com.br\/news\/wp-content\/uploads\/sites\/2\/2023\/03\/novo_telhado_estacionamento_expressa_personagens_pa-8-1280x854-1-1200x801.jpg\" alt=\"\" class=\"wp-image-107348\" srcset=\"https:\/\/tvtecjundiai.com.br\/news\/wp-content\/uploads\/sites\/2\/2023\/03\/novo_telhado_estacionamento_expressa_personagens_pa-8-1280x854-1-1200x801.jpg 1200w, https:\/\/tvtecjundiai.com.br\/news\/wp-content\/uploads\/sites\/2\/2023\/03\/novo_telhado_estacionamento_expressa_personagens_pa-8-1280x854-1-300x200.jpg 300w, https:\/\/tvtecjundiai.com.br\/news\/wp-content\/uploads\/sites\/2\/2023\/03\/novo_telhado_estacionamento_expressa_personagens_pa-8-1280x854-1-768x512.jpg 768w, https:\/\/tvtecjundiai.com.br\/news\/wp-content\/uploads\/sites\/2\/2023\/03\/novo_telhado_estacionamento_expressa_personagens_pa-8-1280x854-1.jpg 1280w\" sizes=\"auto, (max-width: 1200px) 100vw, 1200px\" \/><\/figure>\n\n\n\n<p><\/p>\n\n\n\n<p><strong>Mais melhorias<\/strong><br>Outra novidade que tem agradado aos usu\u00e1rios \u00e9 a\u00a0mudan\u00e7a vi\u00e1ria implementada, em fevereiro deste ano, na rua Aboli\u00e7\u00e3o, que passou a ser m\u00e3o \u00fanica no sentido Centro. A mudan\u00e7a, logo na sa\u00edda do estacionamento, trouxe mais organiza\u00e7\u00e3o e seguran\u00e7a aos usu\u00e1rios, bem como facilitou o acesso \u00e0 regi\u00e3o Central sem a necessidade do retorno na rotat\u00f3ria depois do complexo esportivo Jos\u00e9 Brenna (Sororoca).<\/p>\n\n\n\n<p>A mudan\u00e7a facilitou muito a vida do Danilo Oliveira, que \u00e9 motorista de aplicativo. \u201cEu passo o meu dia aqui. Acabei de deixar um passageiro no Poupatempo. Foi uma mudan\u00e7a muito importante, pois facilitou muito o meu trajeto at\u00e9 o Centro e hospitais, para onde levo muita gente, sem ter que fazer o retorno l\u00e1 na frente. Sem contar quando o aplicativo aciona e estou aqui por perto, j\u00e1 que ficou tamb\u00e9m mais f\u00e1cil para chegar\u201d, elogiou.<\/p>\n\n\n\n<figure class=\"wp-block-image size-large\"><img loading=\"lazy\" decoding=\"async\" width=\"1200\" height=\"801\" src=\"https:\/\/tvtecjundiai.com.br\/news\/wp-content\/uploads\/sites\/2\/2023\/03\/novo_telhado_estacionamento_expressa_personagens_pa-18-1280x854-1-1200x801.jpg\" alt=\"\" class=\"wp-image-107349\" srcset=\"https:\/\/tvtecjundiai.com.br\/news\/wp-content\/uploads\/sites\/2\/2023\/03\/novo_telhado_estacionamento_expressa_personagens_pa-18-1280x854-1-1200x801.jpg 1200w, https:\/\/tvtecjundiai.com.br\/news\/wp-content\/uploads\/sites\/2\/2023\/03\/novo_telhado_estacionamento_expressa_personagens_pa-18-1280x854-1-300x200.jpg 300w, https:\/\/tvtecjundiai.com.br\/news\/wp-content\/uploads\/sites\/2\/2023\/03\/novo_telhado_estacionamento_expressa_personagens_pa-18-1280x854-1-768x512.jpg 768w, https:\/\/tvtecjundiai.com.br\/news\/wp-content\/uploads\/sites\/2\/2023\/03\/novo_telhado_estacionamento_expressa_personagens_pa-18-1280x854-1.jpg 1280w\" sizes=\"auto, (max-width: 1200px) 100vw, 1200px\" \/><\/figure>\n\n\n\n<p><\/p>\n\n\n\n<p><em><strong>(Fonte\/Imagens: Prefeitura de Jundia\u00ed)<\/strong><\/em><\/p>\n","protected":false},"excerpt":{"rendered":"<p>A \u00e1rea tem 7,5 mil m\u00b2 e ganhou nova cobertura<\/p>\n","protected":false},"author":30,"featured_media":107346,"comment_status":"closed","ping_status":"0","sticky":false,"template":"","format":"standard","meta":{"footnotes":""},"categories":[8356,1],"tags":[],"class_list":["post-107345","post","type-post","status-publish","format-standard","has-post-thumbnail","hentry","category-jundiai","category-noticias"],"_links":{"self":[{"href":"https:\/\/tvtecjundiai.com.br\/news\/wp-json\/wp\/v2\/posts\/107345","targetHints":{"allow":["GET"]}}],"collection":[{"href":"https:\/\/tvtecjundiai.com.br\/news\/wp-json\/wp\/v2\/posts"}],"about":[{"href":"https:\/\/tvtecjundiai.com.br\/news\/wp-json\/wp\/v2\/types\/post"}],"author":[{"embeddable":true,"href":"https:\/\/tvtecjundiai.com.br\/news\/wp-json\/wp\/v2\/users\/30"}],"replies":[{"embeddable":true,"href":"https:\/\/tvtecjundiai.com.br\/news\/wp-json\/wp\/v2\/comments?post=107345"}],"version-history":[{"count":1,"href":"https:\/\/tvtecjundiai.com.br\/news\/wp-json\/wp\/v2\/posts\/107345\/revisions"}],"predecessor-version":[{"id":107350,"href":"https:\/\/tvtecjundiai.com.br\/news\/wp-json\/wp\/v2\/posts\/107345\/revisions\/107350"}],"wp:featuredmedia":[{"embeddable":true,"href":"https:\/\/tvtecjundiai.com.br\/news\/wp-json\/wp\/v2\/media\/107346"}],"wp:attachment":[{"href":"https:\/\/tvtecjundiai.com.br\/news\/wp-json\/wp\/v2\/media?parent=107345"}],"wp:term":[{"taxonomy":"category","embeddable":true,"href":"https:\/\/tvtecjundiai.com.br\/news\/wp-json\/wp\/v2\/categories?post=107345"},{"taxonomy":"post_tag","embeddable":true,"href":"https:\/\/tvtecjundiai.com.br\/news\/wp-json\/wp\/v2\/tags?post=107345"}],"curies":[{"name":"wp","href":"https:\/\/api.w.org\/{rel}","templated":true}]}}