{"id":107365,"date":"2023-03-30T16:16:55","date_gmt":"2023-03-30T19:16:55","guid":{"rendered":"https:\/\/tvtecjundiai.com.br\/news\/?p=107365"},"modified":"2023-03-30T16:16:59","modified_gmt":"2023-03-30T19:16:59","slug":"sabado-1-tem-multivacinacao-e-vacinacao-contra-a-covid-para-60","status":"publish","type":"post","link":"https:\/\/tvtecjundiai.com.br\/news\/2023\/03\/30\/sabado-1-tem-multivacinacao-e-vacinacao-contra-a-covid-para-60\/","title":{"rendered":"S\u00e1bado (1) tem multivacina\u00e7\u00e3o e vacina\u00e7\u00e3o contra a Covid para 60+"},"content":{"rendered":"\n<p>Neste s\u00e1bado (1), Jundia\u00ed ter\u00e1 dois endere\u00e7os dispon\u00edveis para a aplica\u00e7\u00e3o de vacinas contra a Covid-19 e atualiza\u00e7\u00e3o da carteira vacinal para as doses de rotina.: Cl\u00ednica da Fam\u00edlia do Almerinda Chaves, das 8h \u00e0s 16h, e o Espa\u00e7o Jundia\u00ed Empreendedora, localizado no Maxi Shopping (Piso G3), das 11h \u00e0s 17h.<\/p>\n\n\n\n<p>Pessoas com 60 anos ou mais, imunossuprimidos a partir de 12 anos, profissionais da sa\u00fade, gestantes e mulheres que deram \u00e0 luz recentemente, al\u00e9m de ind\u00edgenas e pessoas com defici\u00eancia com 12 anos ou mais, podem receber a dose bivalente da Pfizer.<\/p>\n\n\n\n<p>Para tomar a dose bivalente, \u00e9 necess\u00e1rio ter recebido, no m\u00ednimo, duas doses da vacina monovalente (Janssen, Pfizer, CoronaVac ou Astrazeneca) e ter tomado a \u00faltima dose h\u00e1, pelo menos, quatro meses. O munic\u00edpio registra em torno de 77 mil pessoas com mais de 60 anos que estariam aptas a receber o novo imunizante.<\/p>\n\n\n\n<figure class=\"wp-block-image size-large\"><img loading=\"lazy\" decoding=\"async\" width=\"1200\" height=\"800\" src=\"https:\/\/tvtecjundiai.com.br\/news\/wp-content\/uploads\/sites\/2\/2023\/03\/vacinacao_ubs_hortolandia-8-1200x800.jpg\" alt=\"\" class=\"wp-image-107366\" srcset=\"https:\/\/tvtecjundiai.com.br\/news\/wp-content\/uploads\/sites\/2\/2023\/03\/vacinacao_ubs_hortolandia-8-1200x800.jpg 1200w, https:\/\/tvtecjundiai.com.br\/news\/wp-content\/uploads\/sites\/2\/2023\/03\/vacinacao_ubs_hortolandia-8-300x200.jpg 300w, https:\/\/tvtecjundiai.com.br\/news\/wp-content\/uploads\/sites\/2\/2023\/03\/vacinacao_ubs_hortolandia-8-768x512.jpg 768w, https:\/\/tvtecjundiai.com.br\/news\/wp-content\/uploads\/sites\/2\/2023\/03\/vacinacao_ubs_hortolandia-8.jpg 1280w\" sizes=\"auto, (max-width: 1200px) 100vw, 1200px\" \/><figcaption class=\"wp-element-caption\">S\u00e1bado de vacina\u00e7\u00e3o em dois pontos<\/figcaption><\/figure>\n\n\n\n<p>\u201c\u00c9 essencial que as pessoas busquem o complemento do cronograma de vacina\u00e7\u00e3o antes da chegada do per\u00edodo mais frio, em que a tend\u00eancia \u00e9 de locais mais fechados e maior propens\u00e3o \u00e0 circula\u00e7\u00e3o dos v\u00edrus respirat\u00f3rios\u201d, ressalta a enfermeira e coordenadora da Vigil\u00e2ncia Epidemiol\u00f3gica (VE), Maria do Carmo Possidente.<\/p>\n\n\n\n<p><strong>Atualiza\u00e7\u00e3o vacinal<br><\/strong>As demais doses Pfizer Baby (6 meses a 4 anos \u2013 D1, D2 e D3), Pfizer Pedi\u00e1trica (5 a 11 anos \u2013 D1, D2 e refor\u00e7o) e doses para pessoas com 12 anos ou mais contra COVID-19 ser\u00e3o disponibilizadas, assim como a atualiza\u00e7\u00e3o da carteira de vacina\u00e7\u00e3o infantil e adulto para todas as demais vacinas de rotina dispon\u00edveis.<\/p>\n\n\n\n<p><strong><em>(Fonte\/Imagem: Prefeitura de Jundia\u00ed)<\/em><\/strong><\/p>\n","protected":false},"excerpt":{"rendered":"<p>Para tomar a dose bivalente, \u00e9 necess\u00e1rio ter recebido, no m\u00ednimo, duas doses da vacina monovalente <\/p>\n","protected":false},"author":30,"featured_media":107366,"comment_status":"closed","ping_status":"0","sticky":false,"template":"","format":"standard","meta":{"footnotes":""},"categories":[8356,1,2839,8355],"tags":[],"class_list":["post-107365","post","type-post","status-publish","format-standard","has-post-thumbnail","hentry","category-jundiai","category-noticias","category-saude","category-saude-3"],"_links":{"self":[{"href":"https:\/\/tvtecjundiai.com.br\/news\/wp-json\/wp\/v2\/posts\/107365","targetHints":{"allow":["GET"]}}],"collection":[{"href":"https:\/\/tvtecjundiai.com.br\/news\/wp-json\/wp\/v2\/posts"}],"about":[{"href":"https:\/\/tvtecjundiai.com.br\/news\/wp-json\/wp\/v2\/types\/post"}],"author":[{"embeddable":true,"href":"https:\/\/tvtecjundiai.com.br\/news\/wp-json\/wp\/v2\/users\/30"}],"replies":[{"embeddable":true,"href":"https:\/\/tvtecjundiai.com.br\/news\/wp-json\/wp\/v2\/comments?post=107365"}],"version-history":[{"count":1,"href":"https:\/\/tvtecjundiai.com.br\/news\/wp-json\/wp\/v2\/posts\/107365\/revisions"}],"predecessor-version":[{"id":107367,"href":"https:\/\/tvtecjundiai.com.br\/news\/wp-json\/wp\/v2\/posts\/107365\/revisions\/107367"}],"wp:featuredmedia":[{"embeddable":true,"href":"https:\/\/tvtecjundiai.com.br\/news\/wp-json\/wp\/v2\/media\/107366"}],"wp:attachment":[{"href":"https:\/\/tvtecjundiai.com.br\/news\/wp-json\/wp\/v2\/media?parent=107365"}],"wp:term":[{"taxonomy":"category","embeddable":true,"href":"https:\/\/tvtecjundiai.com.br\/news\/wp-json\/wp\/v2\/categories?post=107365"},{"taxonomy":"post_tag","embeddable":true,"href":"https:\/\/tvtecjundiai.com.br\/news\/wp-json\/wp\/v2\/tags?post=107365"}],"curies":[{"name":"wp","href":"https:\/\/api.w.org\/{rel}","templated":true}]}}