{"id":107368,"date":"2023-03-31T09:06:01","date_gmt":"2023-03-31T12:06:01","guid":{"rendered":"https:\/\/tvtecjundiai.com.br\/news\/?p=107368"},"modified":"2023-03-31T09:06:02","modified_gmt":"2023-03-31T12:06:02","slug":"abril-comeca-com-queda-de-temperatura-no-domingo-2","status":"publish","type":"post","link":"https:\/\/tvtecjundiai.com.br\/news\/2023\/03\/31\/abril-comeca-com-queda-de-temperatura-no-domingo-2\/","title":{"rendered":"Abril come\u00e7a com queda de temperatura no domingo (2)"},"content":{"rendered":"\n<p>O fim de semana ser\u00e1 abafado e com possibilidade de pancadas de chuva em Jundia\u00ed, al\u00e9m de queda brusca de temperatura no domingo (2). Segundo o Climatempo, os term\u00f4metros devem ficar entre 17\u00b0C e 31\u00b0C.<\/p>\n\n\n\n<p>Nesta sexta-feira (31), a previs\u00e3o \u00e9 de sol com algumas nuvens e pancadas de chuva \u00e0 tarde e \u00e0 noite, que devem somar 15mm. Os term\u00f4metros ficam entre 19\u00b0C e 31\u00b0C.<\/p>\n\n\n<div class=\"wp-block-image\">\n<figure class=\"aligncenter size-large is-resized\"><img loading=\"lazy\" decoding=\"async\" src=\"https:\/\/tvtecjundiai.com.br\/news\/wp-content\/uploads\/sites\/2\/2023\/03\/WhatsApp-Image-2023-03-31-at-09.03.40-1200x900.jpeg\" alt=\"\" class=\"wp-image-107369\" width=\"617\" height=\"463\" srcset=\"https:\/\/tvtecjundiai.com.br\/news\/wp-content\/uploads\/sites\/2\/2023\/03\/WhatsApp-Image-2023-03-31-at-09.03.40-1200x900.jpeg 1200w, https:\/\/tvtecjundiai.com.br\/news\/wp-content\/uploads\/sites\/2\/2023\/03\/WhatsApp-Image-2023-03-31-at-09.03.40-300x225.jpeg 300w, https:\/\/tvtecjundiai.com.br\/news\/wp-content\/uploads\/sites\/2\/2023\/03\/WhatsApp-Image-2023-03-31-at-09.03.40-768x576.jpeg 768w, https:\/\/tvtecjundiai.com.br\/news\/wp-content\/uploads\/sites\/2\/2023\/03\/WhatsApp-Image-2023-03-31-at-09.03.40.jpeg 1280w\" sizes=\"auto, (max-width: 617px) 100vw, 617px\" \/><\/figure>\n<\/div>\n\n\n<p><\/p>\n\n\n\n<p>No s\u00e1bado (1), o dia \u00e9 de sol com algumas nuvens e pancadas de chuva \u00e0 tarde e \u00e0 noite, que devem somar 15mm. A temperatura fica entre 19\u00b0C e 31\u00b0C.<\/p>\n\n\n\n<p>No domingo (2), est\u00e1 prevista uma queda brusca de temperatura. O dia deve ser de sol com per\u00edodos de c\u00e9u nublado, com os term\u00f4metros entre 17\u00b0C e 25\u00b0C, apenas.<\/p>\n\n\n\n<p><em><strong>(Fonte: TVTEC Jundia\u00ed\/Imagem: Juliano Justino)<\/strong><\/em><\/p>\n","protected":false},"excerpt":{"rendered":"<p>Segundo o Climatempo, os term\u00f4metros devem ficar entre 17\u00b0C e 31\u00b0C<\/p>\n","protected":false},"author":30,"featured_media":107369,"comment_status":"closed","ping_status":"0","sticky":false,"template":"","format":"standard","meta":{"footnotes":""},"categories":[3185,8356,1],"tags":[],"class_list":["post-107368","post","type-post","status-publish","format-standard","has-post-thumbnail","hentry","category-clima","category-jundiai","category-noticias"],"_links":{"self":[{"href":"https:\/\/tvtecjundiai.com.br\/news\/wp-json\/wp\/v2\/posts\/107368","targetHints":{"allow":["GET"]}}],"collection":[{"href":"https:\/\/tvtecjundiai.com.br\/news\/wp-json\/wp\/v2\/posts"}],"about":[{"href":"https:\/\/tvtecjundiai.com.br\/news\/wp-json\/wp\/v2\/types\/post"}],"author":[{"embeddable":true,"href":"https:\/\/tvtecjundiai.com.br\/news\/wp-json\/wp\/v2\/users\/30"}],"replies":[{"embeddable":true,"href":"https:\/\/tvtecjundiai.com.br\/news\/wp-json\/wp\/v2\/comments?post=107368"}],"version-history":[{"count":1,"href":"https:\/\/tvtecjundiai.com.br\/news\/wp-json\/wp\/v2\/posts\/107368\/revisions"}],"predecessor-version":[{"id":107370,"href":"https:\/\/tvtecjundiai.com.br\/news\/wp-json\/wp\/v2\/posts\/107368\/revisions\/107370"}],"wp:featuredmedia":[{"embeddable":true,"href":"https:\/\/tvtecjundiai.com.br\/news\/wp-json\/wp\/v2\/media\/107369"}],"wp:attachment":[{"href":"https:\/\/tvtecjundiai.com.br\/news\/wp-json\/wp\/v2\/media?parent=107368"}],"wp:term":[{"taxonomy":"category","embeddable":true,"href":"https:\/\/tvtecjundiai.com.br\/news\/wp-json\/wp\/v2\/categories?post=107368"},{"taxonomy":"post_tag","embeddable":true,"href":"https:\/\/tvtecjundiai.com.br\/news\/wp-json\/wp\/v2\/tags?post=107368"}],"curies":[{"name":"wp","href":"https:\/\/api.w.org\/{rel}","templated":true}]}}