{"id":107379,"date":"2023-03-31T11:08:26","date_gmt":"2023-03-31T14:08:26","guid":{"rendered":"https:\/\/tvtecjundiai.com.br\/news\/?p=107379"},"modified":"2023-03-31T11:08:27","modified_gmt":"2023-03-31T14:08:27","slug":"fablab-esta-aberto-para-a-populacao-desenvolver-projetos","status":"publish","type":"post","link":"https:\/\/tvtecjundiai.com.br\/news\/2023\/03\/31\/fablab-esta-aberto-para-a-populacao-desenvolver-projetos\/","title":{"rendered":"FabLab est\u00e1 aberto para a popula\u00e7\u00e3o desenvolver projetos"},"content":{"rendered":"\n<p>Instalado no Complexo Argos desde 2018, o FabLab de Jundia\u00ed \u00e9 o primeiro laborat\u00f3rio de fabrica\u00e7\u00e3o digital municipal, criado a partir de parceria da Prefeitura com o Sesi. Al\u00e9m de integrar o programa Escola Inovadora e atender as escolas da rede municipal, o espa\u00e7o tamb\u00e9m \u00e9 aberto ao p\u00fablico interessado em geral, com acesso gratuito.<\/p>\n\n\n\n<p>O espa\u00e7o est\u00e1 dispon\u00edvel para qualquer mun\u00edcipe que desejar utilizar a infraestrutura para a realiza\u00e7\u00e3o de projetos, sendo necess\u00e1rios apenas a apresenta\u00e7\u00e3o da proposta e o agendamento gratuito por parte da equipe respons\u00e1vel, que tamb\u00e9m ir\u00e1 indicar o material a ser utilizado, para custeio por parte do interessado.<\/p>\n\n\n\n<p>\u201cAl\u00e9m de um espa\u00e7o que permite a investiga\u00e7\u00e3o e busca por solu\u00e7\u00f5es das crian\u00e7as da nossa rede municipal, o FabLab tamb\u00e9m \u00e9 aberto para a sociedade em geral. Isso vai ao encontro da realidade contempor\u00e2nea, que exige cada vez mais a capacidade e versatilidade das pessoas e dos profissionais. Mais uma vez, Jundia\u00ed, em parceria com o Sesi, sai na frente e disponibiliza isso tudo de forma gratuita\u201d, comentou a gestora de Educa\u00e7\u00e3o, Vast\u00ed Ferrari.<\/p>\n\n\n<div class=\"wp-block-image\">\n<figure class=\"aligncenter size-large is-resized\"><img loading=\"lazy\" decoding=\"async\" src=\"https:\/\/tvtecjundiai.com.br\/news\/wp-content\/uploads\/sites\/2\/2023\/03\/fablab-de-jundiai-aberto-para-populacao_fm_-51-1280x853-1-1200x800.jpg\" alt=\"\" class=\"wp-image-107380\" width=\"769\" height=\"513\" srcset=\"https:\/\/tvtecjundiai.com.br\/news\/wp-content\/uploads\/sites\/2\/2023\/03\/fablab-de-jundiai-aberto-para-populacao_fm_-51-1280x853-1-1200x800.jpg 1200w, https:\/\/tvtecjundiai.com.br\/news\/wp-content\/uploads\/sites\/2\/2023\/03\/fablab-de-jundiai-aberto-para-populacao_fm_-51-1280x853-1-300x200.jpg 300w, https:\/\/tvtecjundiai.com.br\/news\/wp-content\/uploads\/sites\/2\/2023\/03\/fablab-de-jundiai-aberto-para-populacao_fm_-51-1280x853-1-768x512.jpg 768w, https:\/\/tvtecjundiai.com.br\/news\/wp-content\/uploads\/sites\/2\/2023\/03\/fablab-de-jundiai-aberto-para-populacao_fm_-51-1280x853-1.jpg 1280w\" sizes=\"auto, (max-width: 769px) 100vw, 769px\" \/><figcaption class=\"wp-element-caption\">Laborat\u00f3rio est\u00e1 instalado no Complexo Argos<\/figcaption><\/figure>\n<\/div>\n\n\n<p>Um dos projetos recentemente desenvolvidos no FabLab foi um Perisc\u00f3pio Reverso, que simula para um adulto como \u00e9 enxergar o mundo \u00e0 sua volta a partir da altura de uma crian\u00e7a. A ideia partiu dos amigos Diego Oliveira, Miguel Pires e Tiago Gon\u00e7alves, que atuam na Unidade de Gest\u00e3o de Governo e Finan\u00e7as, e foi viabilizada por meio da Rede Jundia\u00ed de Coopera\u00e7\u00e3o, que faz parte do Grupo de Trabalho \u201cCrian\u00e7a na Cidade\u201d da Prefeitura.<\/p>\n\n\n\n<p>Miguel explica como surgiu a ideia de montar um perisc\u00f3pio. \u201cRecebi, atrav\u00e9s de uma \u2018newsletter\u2019 da Global Designing Cities Initiative, o convite para participar de uma oficina de montagem. Como a organiza\u00e7\u00e3o \u00e9 parceira da Rede Urban95, da qual a Prefeitura faz parte, me interessei e montei uma vers\u00e3o em papel\u00e3o\u201d.<\/p>\n\n\n\n<p>J\u00e1 Diego explicou como o grupo teve a ideia de desenvolver o projeto no FabLab. \u201cCom a proximidade do&nbsp;<a href=\"https:\/\/cidadedascriancas.jundiai.sp.gov.br\/encontro-brasileiro-cidades-das-criancas-e-forum-internacional-das-infancias\/\" target=\"_blank\" rel=\"noreferrer noopener\">Encontro de Cidades das Crian\u00e7as<\/a>, est\u00e1vamos mostrando a primeira vers\u00e3o do perisc\u00f3pio para gestores e servidores, e a ideia partiu da gestora Vast\u00ed. Gra\u00e7as \u00e0 estrutura do laborat\u00f3rio, pudemos montar em MDF e fazer as grava\u00e7\u00f5es 3D\u201d.<\/p>\n\n\n<div class=\"wp-block-image\">\n<figure class=\"aligncenter size-large is-resized\"><img loading=\"lazy\" decoding=\"async\" src=\"https:\/\/tvtecjundiai.com.br\/news\/wp-content\/uploads\/sites\/2\/2023\/03\/periscopio_tonucci_fabrica_das_infancias_japy-1280x854-1-1200x801.jpg\" alt=\"\" class=\"wp-image-107382\" width=\"721\" height=\"481\" srcset=\"https:\/\/tvtecjundiai.com.br\/news\/wp-content\/uploads\/sites\/2\/2023\/03\/periscopio_tonucci_fabrica_das_infancias_japy-1280x854-1-1200x801.jpg 1200w, https:\/\/tvtecjundiai.com.br\/news\/wp-content\/uploads\/sites\/2\/2023\/03\/periscopio_tonucci_fabrica_das_infancias_japy-1280x854-1-300x200.jpg 300w, https:\/\/tvtecjundiai.com.br\/news\/wp-content\/uploads\/sites\/2\/2023\/03\/periscopio_tonucci_fabrica_das_infancias_japy-1280x854-1-768x512.jpg 768w, https:\/\/tvtecjundiai.com.br\/news\/wp-content\/uploads\/sites\/2\/2023\/03\/periscopio_tonucci_fabrica_das_infancias_japy-1280x854-1.jpg 1280w\" sizes=\"auto, (max-width: 721px) 100vw, 721px\" \/><figcaption class=\"wp-element-caption\">Perisc\u00f3pio foi apresentado ao pedagogo Francesco Tonucci durante sua visita \u00e1 F\u00e1brica das Inf\u00e2ncias Japy<\/figcaption><\/figure>\n<\/div>\n\n\n<p>Tiago compartilhou os pr\u00f3ximos passos do projeto desenvolvido. \u201cJ\u00e1 fomos procurados para disponibilizar vers\u00f5es do perisc\u00f3pio para profissionais de sa\u00fade que lidam diretamente com as crian\u00e7as. A ideia tamb\u00e9m \u00e9 montar unidades para deixar com os engenheiros da Prefeitura, para que pensem no olhar da crian\u00e7a durante a execu\u00e7\u00e3o das obras\u201d.<\/p>\n\n\n\n<p><strong><em>(Fonte\/Imagem: Prefeitura de Jundia\u00ed)<\/em><\/strong><\/p>\n","protected":false},"excerpt":{"rendered":"<p>O espa\u00e7o est\u00e1 dispon\u00edvel para qualquer mun\u00edcipe que deseja realizar projetos<\/p>\n","protected":false},"author":30,"featured_media":107380,"comment_status":"closed","ping_status":"0","sticky":false,"template":"","format":"standard","meta":{"footnotes":""},"categories":[2828,8356,8354,1],"tags":[],"class_list":["post-107379","post","type-post","status-publish","format-standard","has-post-thumbnail","hentry","category-educacao","category-jundiai","category-lazer","category-noticias"],"_links":{"self":[{"href":"https:\/\/tvtecjundiai.com.br\/news\/wp-json\/wp\/v2\/posts\/107379","targetHints":{"allow":["GET"]}}],"collection":[{"href":"https:\/\/tvtecjundiai.com.br\/news\/wp-json\/wp\/v2\/posts"}],"about":[{"href":"https:\/\/tvtecjundiai.com.br\/news\/wp-json\/wp\/v2\/types\/post"}],"author":[{"embeddable":true,"href":"https:\/\/tvtecjundiai.com.br\/news\/wp-json\/wp\/v2\/users\/30"}],"replies":[{"embeddable":true,"href":"https:\/\/tvtecjundiai.com.br\/news\/wp-json\/wp\/v2\/comments?post=107379"}],"version-history":[{"count":2,"href":"https:\/\/tvtecjundiai.com.br\/news\/wp-json\/wp\/v2\/posts\/107379\/revisions"}],"predecessor-version":[{"id":107383,"href":"https:\/\/tvtecjundiai.com.br\/news\/wp-json\/wp\/v2\/posts\/107379\/revisions\/107383"}],"wp:featuredmedia":[{"embeddable":true,"href":"https:\/\/tvtecjundiai.com.br\/news\/wp-json\/wp\/v2\/media\/107380"}],"wp:attachment":[{"href":"https:\/\/tvtecjundiai.com.br\/news\/wp-json\/wp\/v2\/media?parent=107379"}],"wp:term":[{"taxonomy":"category","embeddable":true,"href":"https:\/\/tvtecjundiai.com.br\/news\/wp-json\/wp\/v2\/categories?post=107379"},{"taxonomy":"post_tag","embeddable":true,"href":"https:\/\/tvtecjundiai.com.br\/news\/wp-json\/wp\/v2\/tags?post=107379"}],"curies":[{"name":"wp","href":"https:\/\/api.w.org\/{rel}","templated":true}]}}