{"id":107384,"date":"2023-03-31T11:10:43","date_gmt":"2023-03-31T14:10:43","guid":{"rendered":"https:\/\/tvtecjundiai.com.br\/news\/?p=107384"},"modified":"2023-03-31T11:18:50","modified_gmt":"2023-03-31T14:18:50","slug":"prefeitura-aumenta-oferta-de-exames-de-endoscopia-em-66","status":"publish","type":"post","link":"https:\/\/tvtecjundiai.com.br\/news\/2023\/03\/31\/prefeitura-aumenta-oferta-de-exames-de-endoscopia-em-66\/","title":{"rendered":"Prefeitura aumenta em 66% a oferta de exames de endoscopia"},"content":{"rendered":"\n<p>A Prefeitura de Jundia\u00ed, atrav\u00e9s da Unidade de Gest\u00e3o de Promo\u00e7\u00e3o da Sa\u00fade (UGPS), aumentou a oferta de exames de endoscopia e colonoscopia oferecidos pela rede municipal de sa\u00fade. A medida foi poss\u00edvel gra\u00e7as ao novo contrato de presta\u00e7\u00e3o de servi\u00e7os, com investimento de aproximadamente R$ 2,4 milh\u00f5es\/ano. Com maior capacidade, o n\u00famero de endoscopias vai passar de 283 para 472 por m\u00eas, um aumento de 66% em rela\u00e7\u00e3o ao contrato anterior.<\/p>\n\n\n\n<p>A dona Maria Erc\u00edlia, moradora do Fazenda Grande, est\u00e1 em tratamento depois que descobriu um cisto no f\u00edgado e fez um exame de endoscopia. \u201c\u00c9 um benef\u00edcio para todos. Jundia\u00ed \u00e9 uma cidade com a \u00e1rea de sa\u00fade muito boa. Ent\u00e3o, com certeza, esse aumento na quantidade de exames \u00e9 muito importante para a popula\u00e7\u00e3o\u201d.<\/p>\n\n\n<div class=\"wp-block-image\">\n<figure class=\"aligncenter size-large is-resized\"><img loading=\"lazy\" decoding=\"async\" src=\"https:\/\/tvtecjundiai.com.br\/news\/wp-content\/uploads\/sites\/2\/2023\/03\/centro-de-endoscopia-e-colonoscopia-aumento-na-procura-de-exames_fm_-40-1280x854-1-1200x801.jpg\" alt=\"\" class=\"wp-image-107385\" width=\"768\" height=\"512\" srcset=\"https:\/\/tvtecjundiai.com.br\/news\/wp-content\/uploads\/sites\/2\/2023\/03\/centro-de-endoscopia-e-colonoscopia-aumento-na-procura-de-exames_fm_-40-1280x854-1-1200x801.jpg 1200w, https:\/\/tvtecjundiai.com.br\/news\/wp-content\/uploads\/sites\/2\/2023\/03\/centro-de-endoscopia-e-colonoscopia-aumento-na-procura-de-exames_fm_-40-1280x854-1-300x200.jpg 300w, https:\/\/tvtecjundiai.com.br\/news\/wp-content\/uploads\/sites\/2\/2023\/03\/centro-de-endoscopia-e-colonoscopia-aumento-na-procura-de-exames_fm_-40-1280x854-1-768x512.jpg 768w, https:\/\/tvtecjundiai.com.br\/news\/wp-content\/uploads\/sites\/2\/2023\/03\/centro-de-endoscopia-e-colonoscopia-aumento-na-procura-de-exames_fm_-40-1280x854-1.jpg 1280w\" sizes=\"auto, (max-width: 768px) 100vw, 768px\" \/><figcaption class=\"wp-element-caption\">Oferta de exames de endoscopia aumentou 66%<\/figcaption><\/figure>\n<\/div>\n\n\n<p><\/p>\n\n\n\n<p>J\u00e1 a oferta de colonoscopias ser\u00e1 ainda maior. A capacidade, que era de 117 exames\/m\u00eas, vai passar a 410\/m\u00eas, alta de 250%. \u201cO aumento vai reduzir significativamente o tempo de acesso e a fila dos pacientes que aguardam os dois exames\u201d, garante o gestor de Promo\u00e7\u00e3o da Sa\u00fade, Tiago Texera. Tanto para endoscopia quanto para colonoscopia ambulatorial, o tempo m\u00e9dio de acesso para agendamento do exame \u00e9 de at\u00e9 60 dias na rede municipal.<\/p>\n\n\n\n<p>Segundo dados da Unidade de Promo\u00e7\u00e3o da Sa\u00fade, 21% dos pacientes que agendam um exame de endoscopia n\u00e3o comparecem no dia do procedimento. Para a colonoscopia, o \u00edndice de faltas \u00e9 de 20%. \u201cA falta \u00e0s consultas \u00e9 um dos fatores que contribui para o crescimento das filas de espera do atendimento, uma vez que h\u00e1 uma nova alimenta\u00e7\u00e3o da fila pelos usu\u00e1rios faltosos\u201d, lembra o gestor.<\/p>\n\n\n\n<p>O espa\u00e7o fica na rua Joll Fuller, no Centro, com demanda a partir de agendamento, logo depois que o paciente recebe a guia m\u00e9dica de solicita\u00e7\u00e3o feita pelo especialista. A endoscopia e a colonoscopia s\u00e3o exames que conseguem detectar sangramentos, inflama\u00e7\u00f5es do trato gastrointestinal, les\u00f5es benignas e malignas em est\u00e1gios iniciais e avan\u00e7ados a depender de cada caso, entre outras doen\u00e7as que podem ser diagnosticadas e tratadas. Quanto mais precoce o diagn\u00f3stico, maior a chance de sucesso no tratamento.<\/p>\n\n\n<div class=\"wp-block-image\">\n<figure class=\"aligncenter size-large is-resized\"><img loading=\"lazy\" decoding=\"async\" src=\"https:\/\/tvtecjundiai.com.br\/news\/wp-content\/uploads\/sites\/2\/2023\/03\/centro-de-endoscopia-e-colonoscopia-aumento-na-procura-de-exames_fm_-1-1280x854-1-1200x801.jpg\" alt=\"Oferta de exames de colonoscopia aumentou 250% com o novo contrato\" class=\"wp-image-107386\" width=\"741\" height=\"494\" srcset=\"https:\/\/tvtecjundiai.com.br\/news\/wp-content\/uploads\/sites\/2\/2023\/03\/centro-de-endoscopia-e-colonoscopia-aumento-na-procura-de-exames_fm_-1-1280x854-1-1200x801.jpg 1200w, https:\/\/tvtecjundiai.com.br\/news\/wp-content\/uploads\/sites\/2\/2023\/03\/centro-de-endoscopia-e-colonoscopia-aumento-na-procura-de-exames_fm_-1-1280x854-1-300x200.jpg 300w, https:\/\/tvtecjundiai.com.br\/news\/wp-content\/uploads\/sites\/2\/2023\/03\/centro-de-endoscopia-e-colonoscopia-aumento-na-procura-de-exames_fm_-1-1280x854-1-768x512.jpg 768w, https:\/\/tvtecjundiai.com.br\/news\/wp-content\/uploads\/sites\/2\/2023\/03\/centro-de-endoscopia-e-colonoscopia-aumento-na-procura-de-exames_fm_-1-1280x854-1.jpg 1280w\" sizes=\"auto, (max-width: 741px) 100vw, 741px\" \/><figcaption class=\"wp-element-caption\">Oferta de exames de colonoscopia aumentou 250% com o novo contrato<\/figcaption><\/figure>\n<\/div>\n\n\n<p><\/p>\n\n\n\n<p>O seu C\u00edcero \u00e9 mais um paciente que realizou um procedimento de endoscopia. O morador do Jardim Martins est\u00e1 em tratamento contra um tumor no f\u00edgado. \u201cA nossa cidade tem estrutura para isso. Com mais exames e mais r\u00e1pidos, as pessoas podem se curar mais rapidamente\u201d.<\/p>\n\n\n\n<p>No ano passado, foram agendados cerca de 7,3 mil procedimentos de endoscopia e 1,8 mil de colonoscopia. \u201cA sa\u00fade \u00e9 nossa prioridade e seguimos avan\u00e7ando, com mais essa amplia\u00e7\u00e3o do centro de endoscopia e colonoscopia, com um atendimento resolutivo e com servi\u00e7os que acolhem, de maneira humanizada, os pacientes\u201d, comenta o prefeito Luiz Fernando Machado.<\/p>\n\n\n\n<p><strong><em>(Fonte\/Imagem: Prefeitura de Jundia\u00ed)<\/em><\/strong><\/p>\n","protected":false},"excerpt":{"rendered":"<p>Com maior capacidade, o n\u00famero de endoscopias vai passar de 283 para 472 por m\u00eas<\/p>\n","protected":false},"author":30,"featured_media":107385,"comment_status":"closed","ping_status":"0","sticky":false,"template":"","format":"standard","meta":{"footnotes":""},"categories":[8356,1,2839,8355],"tags":[],"class_list":["post-107384","post","type-post","status-publish","format-standard","has-post-thumbnail","hentry","category-jundiai","category-noticias","category-saude","category-saude-3"],"_links":{"self":[{"href":"https:\/\/tvtecjundiai.com.br\/news\/wp-json\/wp\/v2\/posts\/107384","targetHints":{"allow":["GET"]}}],"collection":[{"href":"https:\/\/tvtecjundiai.com.br\/news\/wp-json\/wp\/v2\/posts"}],"about":[{"href":"https:\/\/tvtecjundiai.com.br\/news\/wp-json\/wp\/v2\/types\/post"}],"author":[{"embeddable":true,"href":"https:\/\/tvtecjundiai.com.br\/news\/wp-json\/wp\/v2\/users\/30"}],"replies":[{"embeddable":true,"href":"https:\/\/tvtecjundiai.com.br\/news\/wp-json\/wp\/v2\/comments?post=107384"}],"version-history":[{"count":2,"href":"https:\/\/tvtecjundiai.com.br\/news\/wp-json\/wp\/v2\/posts\/107384\/revisions"}],"predecessor-version":[{"id":107392,"href":"https:\/\/tvtecjundiai.com.br\/news\/wp-json\/wp\/v2\/posts\/107384\/revisions\/107392"}],"wp:featuredmedia":[{"embeddable":true,"href":"https:\/\/tvtecjundiai.com.br\/news\/wp-json\/wp\/v2\/media\/107385"}],"wp:attachment":[{"href":"https:\/\/tvtecjundiai.com.br\/news\/wp-json\/wp\/v2\/media?parent=107384"}],"wp:term":[{"taxonomy":"category","embeddable":true,"href":"https:\/\/tvtecjundiai.com.br\/news\/wp-json\/wp\/v2\/categories?post=107384"},{"taxonomy":"post_tag","embeddable":true,"href":"https:\/\/tvtecjundiai.com.br\/news\/wp-json\/wp\/v2\/tags?post=107384"}],"curies":[{"name":"wp","href":"https:\/\/api.w.org\/{rel}","templated":true}]}}