{"id":107388,"date":"2023-03-31T11:12:33","date_gmt":"2023-03-31T14:12:33","guid":{"rendered":"https:\/\/tvtecjundiai.com.br\/news\/?p=107388"},"modified":"2023-03-31T11:12:34","modified_gmt":"2023-03-31T14:12:34","slug":"biblioteca-oferece-contacao-de-historias-e-exposicoes","status":"publish","type":"post","link":"https:\/\/tvtecjundiai.com.br\/news\/2023\/03\/31\/biblioteca-oferece-contacao-de-historias-e-exposicoes\/","title":{"rendered":"Biblioteca oferece conta\u00e7\u00e3o de hist\u00f3rias e exposi\u00e7\u00f5es"},"content":{"rendered":"\n<p>Dentro da proposta de utiliza\u00e7\u00e3o do espa\u00e7o da Biblioteca P\u00fablica Municipal Prof. Nelson Foot (BNF), para a difus\u00e3o dos diversos segmentos culturais, a Unidade de Gest\u00e3o de Cultura (UGC) programou diversas atividades para o m\u00eas de abril.<\/p>\n\n\n\n<p>Para esse s\u00e1bado (1), a programa\u00e7\u00e3o oferece duas conta\u00e7\u00f5es de hist\u00f3rias: a primeira marcada para \u00e0s 11h, com entrada gratuita, com os integrantes da Cia. O que tem Maria, com a hist\u00f3ria de \u201cCopp\u00e9lia\u201d. J\u00e1 a segunda, programada para \u00e0s 15h, com a Cia Teatral Rick &amp; Kelly, traz a hist\u00f3ria \u201cViva o Circo\u201d.<\/p>\n\n\n\n<p>Em \u201cCopp\u00e9lia\u201d, um maestro, m\u00fasicos e a m\u00fasica d\u00e3o vida aos personagens das hist\u00f3rias do Bal\u00e9. Contos n\u00b01 traz a hist\u00f3ria de Copp\u00e9lia, um aut\u00f4mato que causa curiosidade e intrigas em uma pequena cidade da Gal\u00edcia. A menina mal amada que \u00e9 apaixonada por Colas, mas que vai se casar com Alain. O cors\u00e1rio um pirata que se apaixona por uma escrava que \u00e9 comprada por um har\u00e9m. Medora, a escrava, descobrir\u00e1 o que \u00e9 o amor verdadeiro.<\/p>\n\n\n\n<p>J\u00e1 \u201cViva o Circo\u201d mostra como os mais antigos trabalhavam, os atuais como trabalham, como se forma um artista de circo, os circos que fizeram sucesso na regi\u00e3o. A apresenta\u00e7\u00e3o acontecer\u00e1 no audit\u00f3rio e s\u00e3o oferecidas 86 vagas. Sendo assim, ser\u00e1 necess\u00e1rio fazer pr\u00e9via inscri\u00e7\u00e3o pelo formul\u00e1rio dispon\u00edvel na Internet.&nbsp;<a href=\"https:\/\/docs.google.com\/forms\/d\/e\/1FAIpQLSeTkBPJmnnMN31iHa3Nxr7CRRunK4XDaz9vitnS9f3HAsfYeQ\/viewform\">https:\/\/docs.google.com\/forms\/d\/e\/1FAIpQLSeTkBPJmnnMN31iHa3Nxr7CRRunK4XDaz9vitnS9f3HAsfYeQ\/viewform<\/a><\/p>\n\n\n<div class=\"wp-block-image\">\n<figure class=\"aligncenter size-full is-resized\"><img loading=\"lazy\" decoding=\"async\" src=\"https:\/\/tvtecjundiai.com.br\/news\/wp-content\/uploads\/sites\/2\/2023\/03\/fotos-palhacos.jpg\" alt=\"\" class=\"wp-image-107390\" width=\"791\" height=\"791\" srcset=\"https:\/\/tvtecjundiai.com.br\/news\/wp-content\/uploads\/sites\/2\/2023\/03\/fotos-palhacos.jpg 853w, https:\/\/tvtecjundiai.com.br\/news\/wp-content\/uploads\/sites\/2\/2023\/03\/fotos-palhacos-300x300.jpg 300w, https:\/\/tvtecjundiai.com.br\/news\/wp-content\/uploads\/sites\/2\/2023\/03\/fotos-palhacos-100x100.jpg 100w, https:\/\/tvtecjundiai.com.br\/news\/wp-content\/uploads\/sites\/2\/2023\/03\/fotos-palhacos-768x768.jpg 768w\" sizes=\"auto, (max-width: 791px) 100vw, 791px\" \/><figcaption class=\"wp-element-caption\">\u201cViva o Circo\u201d com Rick &amp; Kelly<\/figcaption><\/figure>\n<\/div>\n\n\n<p><strong>Exposi\u00e7\u00f5es<\/strong><\/p>\n\n\n\n<p>Ainda neste m\u00eas de abril, o p\u00fablico poder\u00e1 conferir na BNF duas exposi\u00e7\u00f5es:<\/p>\n\n\n\n<p><strong>Dr. Leonardo Cavalcanti: Morte e Vida \u2013 Galeria Jundia\u00ed (de 03\/04 a 28\/04)<\/strong><\/p>\n\n\n\n<p>Como personagem hist\u00f3rico intrigante, Dr. Leonardo uni elos importantes para cultura e hist\u00f3ria j\u00e1 que seus diferentes aspectos: arte tumular, mem\u00f3ria dos ferrovi\u00e1rios, eletrifica\u00e7\u00e3o do Brasil, e uma poss\u00edvel hist\u00f3ria de amor perdida, podem interessar diversas camadas de p\u00fablicos. Ao ter uma obra de arte que retoma o interesse na sua figura de forma t\u00e3o significativa, a vida e a morte de Dr. Cavalcanti, tem o potencial de se tornar um instrumento de renova\u00e7\u00e3o.<\/p>\n\n\n\n<p><strong>Horizonte Cigano a trajet\u00f3ria dos povos cigano atrav\u00e9s da Dan\u00e7a \u2013 Espa\u00e7o Sonia Cintra (de 05\/04 a 25\/04)<\/strong><\/p>\n\n\n\n<p>A exposi\u00e7\u00e3o partir\u00e1 atrav\u00e9s da historiografia, onde o visitante ser\u00e1 levado a uma grande viagem de diversidade cultural. O objetivo \u00e9 mostrar que as dan\u00e7as ciganas existem e v\u00e3o muito al\u00e9m do que \u00e9 colocado comercialmente e estereotipadamente, como a dan\u00e7a de \u201cbater a saia\u201d.<\/p>\n\n\n\n<p>A biblioteca est\u00e1 localizada na avenida Dr. Cavalcanti, 396 \u2013 Vila Arens, dentro do Complexo Argos. Seu hor\u00e1rio de funcionamento \u00e9 de segunda a sexta-feira, das 9h \u00e0s 21h e aos s\u00e1bados das 10h \u00e0s 17h, mesmo hor\u00e1rio para os feriados.<\/p>\n\n\n\n<p><em><strong>(Fonte\/Imagem: Prefeitura de Jundia\u00ed)<\/strong><\/em><\/p>\n","protected":false},"excerpt":{"rendered":"<p>Para esse s\u00e1bado (1), a programa\u00e7\u00e3o oferece duas conta\u00e7\u00f5es de hist\u00f3rias<\/p>\n","protected":false},"author":30,"featured_media":107390,"comment_status":"closed","ping_status":"0","sticky":false,"template":"","format":"standard","meta":{"footnotes":""},"categories":[2833,8356,8354,1],"tags":[],"class_list":["post-107388","post","type-post","status-publish","format-standard","has-post-thumbnail","hentry","category-cultura","category-jundiai","category-lazer","category-noticias"],"_links":{"self":[{"href":"https:\/\/tvtecjundiai.com.br\/news\/wp-json\/wp\/v2\/posts\/107388","targetHints":{"allow":["GET"]}}],"collection":[{"href":"https:\/\/tvtecjundiai.com.br\/news\/wp-json\/wp\/v2\/posts"}],"about":[{"href":"https:\/\/tvtecjundiai.com.br\/news\/wp-json\/wp\/v2\/types\/post"}],"author":[{"embeddable":true,"href":"https:\/\/tvtecjundiai.com.br\/news\/wp-json\/wp\/v2\/users\/30"}],"replies":[{"embeddable":true,"href":"https:\/\/tvtecjundiai.com.br\/news\/wp-json\/wp\/v2\/comments?post=107388"}],"version-history":[{"count":2,"href":"https:\/\/tvtecjundiai.com.br\/news\/wp-json\/wp\/v2\/posts\/107388\/revisions"}],"predecessor-version":[{"id":107391,"href":"https:\/\/tvtecjundiai.com.br\/news\/wp-json\/wp\/v2\/posts\/107388\/revisions\/107391"}],"wp:featuredmedia":[{"embeddable":true,"href":"https:\/\/tvtecjundiai.com.br\/news\/wp-json\/wp\/v2\/media\/107390"}],"wp:attachment":[{"href":"https:\/\/tvtecjundiai.com.br\/news\/wp-json\/wp\/v2\/media?parent=107388"}],"wp:term":[{"taxonomy":"category","embeddable":true,"href":"https:\/\/tvtecjundiai.com.br\/news\/wp-json\/wp\/v2\/categories?post=107388"},{"taxonomy":"post_tag","embeddable":true,"href":"https:\/\/tvtecjundiai.com.br\/news\/wp-json\/wp\/v2\/tags?post=107388"}],"curies":[{"name":"wp","href":"https:\/\/api.w.org\/{rel}","templated":true}]}}