{"id":107413,"date":"2023-03-31T17:40:31","date_gmt":"2023-03-31T20:40:31","guid":{"rendered":"https:\/\/tvtecjundiai.com.br\/news\/?p=107413"},"modified":"2023-03-31T17:40:35","modified_gmt":"2023-03-31T20:40:35","slug":"special-olympics-brasil-promove-atividades-nas-escolas","status":"publish","type":"post","link":"https:\/\/tvtecjundiai.com.br\/news\/2023\/03\/31\/special-olympics-brasil-promove-atividades-nas-escolas\/","title":{"rendered":"Special Olympics Brasil promove atividades nas escolas"},"content":{"rendered":"\n<p>Chute ao gol, t\u00fanel de bambol\u00ea, driblar os cones e rolar pelos colchonetes, essas foram algumas das atividades realizadas nesta semana pela Funda\u00e7\u00e3o Special Olympics Brasil, no Complexo Esportivo Francisco \u00c1lvaro Siqueira. As atividades tiveram a participa\u00e7\u00e3o dos alunos da EMEB Owen Zilio e EMEB Aparecido Garcia.<\/p>\n\n\n\n<p>A parceria da Prefeitura de Jundia\u00ed com a Funda\u00e7\u00e3o Special Olympics Brasil existe h\u00e1 27 anos, dos quais 10 dedicados ao trabalho com atletas jovens, para oferecer atividades motoras l\u00fadicas e adaptadas para crian\u00e7as com ou sem defici\u00eancia intelectual, entre os dois e sete anos.<\/p>\n\n\n\n<figure class=\"wp-block-image size-large\"><img loading=\"lazy\" decoding=\"async\" width=\"1200\" height=\"801\" src=\"https:\/\/tvtecjundiai.com.br\/news\/wp-content\/uploads\/sites\/2\/2023\/03\/olimpiadas_especiais_cece_francisco_siqueira_neto_pa-23-1280x854-1-1200x801.jpg\" alt=\"\" class=\"wp-image-107414\" srcset=\"https:\/\/tvtecjundiai.com.br\/news\/wp-content\/uploads\/sites\/2\/2023\/03\/olimpiadas_especiais_cece_francisco_siqueira_neto_pa-23-1280x854-1-1200x801.jpg 1200w, https:\/\/tvtecjundiai.com.br\/news\/wp-content\/uploads\/sites\/2\/2023\/03\/olimpiadas_especiais_cece_francisco_siqueira_neto_pa-23-1280x854-1-300x200.jpg 300w, https:\/\/tvtecjundiai.com.br\/news\/wp-content\/uploads\/sites\/2\/2023\/03\/olimpiadas_especiais_cece_francisco_siqueira_neto_pa-23-1280x854-1-768x512.jpg 768w, https:\/\/tvtecjundiai.com.br\/news\/wp-content\/uploads\/sites\/2\/2023\/03\/olimpiadas_especiais_cece_francisco_siqueira_neto_pa-23-1280x854-1.jpg 1280w\" sizes=\"auto, (max-width: 1200px) 100vw, 1200px\" \/><figcaption class=\"wp-element-caption\">Crian\u00e7as da EMEB Aparecido Garcia e EMEB Owen Zilio<\/figcaption><\/figure>\n\n\n\n<p>Desde 2019, a parceria ampliou para a Unidade de Gest\u00e3o de Educa\u00e7\u00e3o (UGE) e Unidade de Esporte e Lazer (UGEL) e j\u00e1 atendeu cerca de 250 crian\u00e7as.<\/p>\n\n\n\n<p>A Special Olympics permite o treinamento e competi\u00e7\u00f5es nacionais e internacionais para atletas com defici\u00eancia intelectual. Toda a atividade foi acompanhada pela coordenadora de Educa\u00e7\u00e3o F\u00edsica, Fanny Haddad. \u201cEssa parceria \u00e9 para trabalharmos a inclus\u00e3o com as crian\u00e7as por meio esporte, mostrando que todos s\u00e3o capazes de se exercitar, al\u00e9m de promover a socializa\u00e7\u00e3o entre eles\u201d explica.<\/p>\n\n\n\n<p>No fim das atividades, as turmas ganharam camisetas, medalhas de participa\u00e7\u00e3o e at\u00e9 um lanchinho para repor as energias. A a\u00e7\u00e3o foi aprovada pelos pequenos, \u201cEu brinquei de bambol\u00ea e, agora, vou para o chute a gol. Foi muito legal, j\u00e1 fiz v\u00e1rias amizades.\u201d comentou o pequeno Davi Lucas, que tem diagn\u00f3stico de TEA (Transtorno de Espectro Autista).<\/p>\n\n\n\n<figure class=\"wp-block-image size-large\"><img loading=\"lazy\" decoding=\"async\" width=\"1200\" height=\"801\" src=\"https:\/\/tvtecjundiai.com.br\/news\/wp-content\/uploads\/sites\/2\/2023\/03\/olimpiadas_especiais_cece_francisco_siqueira_neto_pa-89-1280x854-1-1200x801.jpg\" alt=\"\" class=\"wp-image-107415\" srcset=\"https:\/\/tvtecjundiai.com.br\/news\/wp-content\/uploads\/sites\/2\/2023\/03\/olimpiadas_especiais_cece_francisco_siqueira_neto_pa-89-1280x854-1-1200x801.jpg 1200w, https:\/\/tvtecjundiai.com.br\/news\/wp-content\/uploads\/sites\/2\/2023\/03\/olimpiadas_especiais_cece_francisco_siqueira_neto_pa-89-1280x854-1-300x200.jpg 300w, https:\/\/tvtecjundiai.com.br\/news\/wp-content\/uploads\/sites\/2\/2023\/03\/olimpiadas_especiais_cece_francisco_siqueira_neto_pa-89-1280x854-1-768x512.jpg 768w, https:\/\/tvtecjundiai.com.br\/news\/wp-content\/uploads\/sites\/2\/2023\/03\/olimpiadas_especiais_cece_francisco_siqueira_neto_pa-89-1280x854-1.jpg 1280w\" sizes=\"auto, (max-width: 1200px) 100vw, 1200px\" \/><figcaption class=\"wp-element-caption\">Crian\u00e7as em uma das atividades propostas pelo Projeto<\/figcaption><\/figure>\n\n\n\n<p>A Special Olympics surgiu em 1968, quando Eunice Kennedy Shriver, irm\u00e3 do ex-presidente americano John Kennedy, deu in\u00edcio aos primeiros jogos internacionais das Olimp\u00edadas Especiais em Soldiers Field, nos Estados Unidos. O evento permite o treinamento e competi\u00e7\u00f5es nacionais e internacionais para atletas com defici\u00eancia intelectual em diversas modalidades ol\u00edmpicas.<\/p>\n\n\n\n<p><em><strong>(Fonte\/Imagem: Prefeitura de Jundia\u00ed)<\/strong><\/em><\/p>\n","protected":false},"excerpt":{"rendered":"<p>A parceria da Prefeitura de Jundia\u00ed com a Funda\u00e7\u00e3o Special Olympics Brasil existe h\u00e1 27 anos<\/p>\n","protected":false},"author":30,"featured_media":107414,"comment_status":"closed","ping_status":"0","sticky":false,"template":"","format":"standard","meta":{"footnotes":""},"categories":[2828,8356,1],"tags":[],"class_list":["post-107413","post","type-post","status-publish","format-standard","has-post-thumbnail","hentry","category-educacao","category-jundiai","category-noticias"],"_links":{"self":[{"href":"https:\/\/tvtecjundiai.com.br\/news\/wp-json\/wp\/v2\/posts\/107413","targetHints":{"allow":["GET"]}}],"collection":[{"href":"https:\/\/tvtecjundiai.com.br\/news\/wp-json\/wp\/v2\/posts"}],"about":[{"href":"https:\/\/tvtecjundiai.com.br\/news\/wp-json\/wp\/v2\/types\/post"}],"author":[{"embeddable":true,"href":"https:\/\/tvtecjundiai.com.br\/news\/wp-json\/wp\/v2\/users\/30"}],"replies":[{"embeddable":true,"href":"https:\/\/tvtecjundiai.com.br\/news\/wp-json\/wp\/v2\/comments?post=107413"}],"version-history":[{"count":2,"href":"https:\/\/tvtecjundiai.com.br\/news\/wp-json\/wp\/v2\/posts\/107413\/revisions"}],"predecessor-version":[{"id":107417,"href":"https:\/\/tvtecjundiai.com.br\/news\/wp-json\/wp\/v2\/posts\/107413\/revisions\/107417"}],"wp:featuredmedia":[{"embeddable":true,"href":"https:\/\/tvtecjundiai.com.br\/news\/wp-json\/wp\/v2\/media\/107414"}],"wp:attachment":[{"href":"https:\/\/tvtecjundiai.com.br\/news\/wp-json\/wp\/v2\/media?parent=107413"}],"wp:term":[{"taxonomy":"category","embeddable":true,"href":"https:\/\/tvtecjundiai.com.br\/news\/wp-json\/wp\/v2\/categories?post=107413"},{"taxonomy":"post_tag","embeddable":true,"href":"https:\/\/tvtecjundiai.com.br\/news\/wp-json\/wp\/v2\/tags?post=107413"}],"curies":[{"name":"wp","href":"https:\/\/api.w.org\/{rel}","templated":true}]}}