{"id":107418,"date":"2023-04-01T10:04:47","date_gmt":"2023-04-01T13:04:47","guid":{"rendered":"https:\/\/tvtecjundiai.com.br\/news\/?p=107418"},"modified":"2023-04-01T10:17:33","modified_gmt":"2023-04-01T13:17:33","slug":"apos-chuvas-rocada-avanca-e-chega-a-600-mil-m%c2%b2-por-semana","status":"publish","type":"post","link":"https:\/\/tvtecjundiai.com.br\/news\/2023\/04\/01\/apos-chuvas-rocada-avanca-e-chega-a-600-mil-m%c2%b2-por-semana\/","title":{"rendered":"Ap\u00f3s chuvas, ro\u00e7ada avan\u00e7a e chega a 600 mil m\u00b2 por semana"},"content":{"rendered":"\n<p>Ap\u00f3s o final do per\u00edodo mais intenso de chuvas, o Departamento de Parques, Jardins e Pra\u00e7as, ligado \u00e0 Unidade de Gest\u00e3o de Infraestrutura e Servi\u00e7os P\u00fablicos (UGISP) refor\u00e7ou o trabalho de ro\u00e7ada em diversos pontos da cidade. Diariamente, 29 equipes est\u00e3o espalhadas pelas ruas e o montante de ro\u00e7ada chega a 600 mil metros quadrados por semana. Desde o in\u00edcio da opera\u00e7\u00e3o ver\u00e3o, mais de 7 milh\u00f5es de m\u00b2 de mato foram cortados.<\/p>\n\n\n\n<p>\u201cO final do per\u00edodo mais cr\u00edtico das chuvas \u00e9 uma not\u00edcia positiva para que a gente execute o trabalho com mais efic\u00e1cia, uma vez que a chuva e o calor s\u00e3o fatores que contribuem para o crescimento acelerado do mato. Vale dizer que algumas esp\u00e9cies crescem at\u00e9 nove cent\u00edmetros por dia\u201d, comenta o Gestor de Infraestrutura e Servi\u00e7os P\u00fablicos, Adilson Rosa.<\/p>\n\n\n\n<figure class=\"wp-block-image\"><img decoding=\"async\" src=\"https:\/\/jundiai.sp.gov.br\/noticias\/wp-content\/uploads\/sites\/32\/2023\/03\/rocada_jardim-pacaembu_m_-40-1280x854.jpg\" alt=\"\" class=\"wp-image-314296\" \/><figcaption class=\"wp-element-caption\">Jardim Pacaembu recebeu equipe de ro\u00e7ada nesta semana<\/figcaption><\/figure>\n\n\n\n<p>No Jardim Pacaembu, bairro que recebeu equipes nesta semana, os moradores elogiaram o servi\u00e7o realizado pela Prefeitura. \u201cO corte do mato deixa a avenida mais bonita a arrumada. Sabemos que choveu muito nos \u00faltimos meses, mas a Prefeitura agiu r\u00e1pido para realizar o corte\u201d, afirmou o comerciante Dorival Feitosa Gomes.<\/p>\n\n\n\n<p>Al\u00e9m do Jardim Pacaembu, outros bairros e avenidas de todas as regi\u00f5es foram contempladas. Na regi\u00e3o Oeste, por exemplo, o Eloy Chaves e o Jardim Samambaia receberam equipes. Na regi\u00e3o norte, Bom Jardim, Travi\u00fa e bairro do Poste. Na sul, Agapeama e Vila S\u00e3o Paulo entraram no cronograma. Na leste, a Ponte S\u00e3o Jo\u00e3o, Ivoturucaia e Jardim S\u00e3o Camilo fizeram parte da programa\u00e7\u00e3o.<\/p>\n\n\n\n<p>A programa\u00e7\u00e3o semanal completa pode ser conferida&nbsp;<a rel=\"noreferrer noopener\" href=\"https:\/\/jundiai.sp.gov.br\/infraestrutura-e-servicos-publicos\/rocada-em-areas-publicas\/\" target=\"_blank\">clicando aqui<\/a>.<\/p>\n\n\n\n<p>\u201cImportante salientar que todas as regi\u00f5es est\u00e3o em nossa programa\u00e7\u00e3o e o servi\u00e7o ser\u00e1 executado nas pr\u00f3ximas semanas. Tamb\u00e9m contamos com o aux\u00edlio da popula\u00e7\u00e3o para informar os locais com mato mais alto, pelo 156 ou APP Jundia\u00ed\u201d, ressalta o Diretor do Departamento de Parques, Jardins e Pra\u00e7as, Rudislei Santos.<\/p>\n\n\n\n<p><em>Fonte: Prefeitura de Jundia\u00ed<\/em><\/p>\n","protected":false},"excerpt":{"rendered":"<p>Diariamente, 29 equipes est\u00e3o espalhadas pelas ruas<\/p>\n","protected":false},"author":24,"featured_media":107419,"comment_status":"closed","ping_status":"0","sticky":false,"template":"","format":"standard","meta":{"footnotes":""},"categories":[8356,1],"tags":[],"class_list":["post-107418","post","type-post","status-publish","format-standard","has-post-thumbnail","hentry","category-jundiai","category-noticias"],"_links":{"self":[{"href":"https:\/\/tvtecjundiai.com.br\/news\/wp-json\/wp\/v2\/posts\/107418","targetHints":{"allow":["GET"]}}],"collection":[{"href":"https:\/\/tvtecjundiai.com.br\/news\/wp-json\/wp\/v2\/posts"}],"about":[{"href":"https:\/\/tvtecjundiai.com.br\/news\/wp-json\/wp\/v2\/types\/post"}],"author":[{"embeddable":true,"href":"https:\/\/tvtecjundiai.com.br\/news\/wp-json\/wp\/v2\/users\/24"}],"replies":[{"embeddable":true,"href":"https:\/\/tvtecjundiai.com.br\/news\/wp-json\/wp\/v2\/comments?post=107418"}],"version-history":[{"count":2,"href":"https:\/\/tvtecjundiai.com.br\/news\/wp-json\/wp\/v2\/posts\/107418\/revisions"}],"predecessor-version":[{"id":107421,"href":"https:\/\/tvtecjundiai.com.br\/news\/wp-json\/wp\/v2\/posts\/107418\/revisions\/107421"}],"wp:featuredmedia":[{"embeddable":true,"href":"https:\/\/tvtecjundiai.com.br\/news\/wp-json\/wp\/v2\/media\/107419"}],"wp:attachment":[{"href":"https:\/\/tvtecjundiai.com.br\/news\/wp-json\/wp\/v2\/media?parent=107418"}],"wp:term":[{"taxonomy":"category","embeddable":true,"href":"https:\/\/tvtecjundiai.com.br\/news\/wp-json\/wp\/v2\/categories?post=107418"},{"taxonomy":"post_tag","embeddable":true,"href":"https:\/\/tvtecjundiai.com.br\/news\/wp-json\/wp\/v2\/tags?post=107418"}],"curies":[{"name":"wp","href":"https:\/\/api.w.org\/{rel}","templated":true}]}}