{"id":107439,"date":"2023-04-03T09:05:00","date_gmt":"2023-04-03T12:05:00","guid":{"rendered":"https:\/\/tvtecjundiai.com.br\/news\/?p=107439"},"modified":"2023-04-03T09:27:36","modified_gmt":"2023-04-03T12:27:36","slug":"semana-tera-tempo-ameno-e-pancadas-de-chuva-em-jundiai","status":"publish","type":"post","link":"https:\/\/tvtecjundiai.com.br\/news\/2023\/04\/03\/semana-tera-tempo-ameno-e-pancadas-de-chuva-em-jundiai\/","title":{"rendered":"Semana ter\u00e1 tempo ameno e pancadas de chuva em Jundia\u00ed"},"content":{"rendered":"\n<p>A Semana Santa que come\u00e7ou no \u00faltimo domingo (2) e vai at\u00e9 a P\u00e1scoa, celebrada no dia 9, ser\u00e1 de tempo ameno em Jundia\u00ed. Segundo o Climatempo, h\u00e1 possibilidade de pancadas de chuva e os term\u00f4metros devem marcar entre 14\u00b0C e 28\u00b0C.<\/p>\n\n\n\n<p>Nesta segunda-feira (3), o dia \u00e9 de sol com algumas nuvens, sem previs\u00e3o de chuva. Os term\u00f4metros ficam entre 14\u00b0C e 27\u00b0C.<\/p>\n\n\n<div class=\"wp-block-image\">\n<figure class=\"aligncenter size-large is-resized\"><img loading=\"lazy\" decoding=\"async\" src=\"https:\/\/tvtecjundiai.com.br\/news\/wp-content\/uploads\/sites\/2\/2023\/04\/WhatsApp-Image-2023-02-15-at-14.20.41-1-1200x900.jpeg\" alt=\"\" class=\"wp-image-107440\" width=\"681\" height=\"511\" srcset=\"https:\/\/tvtecjundiai.com.br\/news\/wp-content\/uploads\/sites\/2\/2023\/04\/WhatsApp-Image-2023-02-15-at-14.20.41-1-1200x900.jpeg 1200w, https:\/\/tvtecjundiai.com.br\/news\/wp-content\/uploads\/sites\/2\/2023\/04\/WhatsApp-Image-2023-02-15-at-14.20.41-1-300x225.jpeg 300w, https:\/\/tvtecjundiai.com.br\/news\/wp-content\/uploads\/sites\/2\/2023\/04\/WhatsApp-Image-2023-02-15-at-14.20.41-1-768x576.jpeg 768w, https:\/\/tvtecjundiai.com.br\/news\/wp-content\/uploads\/sites\/2\/2023\/04\/WhatsApp-Image-2023-02-15-at-14.20.41-1.jpeg 1280w\" sizes=\"auto, (max-width: 681px) 100vw, 681px\" \/><\/figure>\n<\/div>\n\n\n<p><\/p>\n\n\n\n<p><strong>Confira a previs\u00e3o detalhada na cidade, de acordo com o Climatempo<\/strong><\/p>\n\n\n\n<p><strong>Ter\u00e7a-feira (4):<\/strong>&nbsp;Sol e aumento de nuvens pela manh\u00e3, com pancadas de chuva \u00e0 tarde e \u00e0 noite que devem somar 15mm. Os term\u00f4metros ficam entre 16\u00b0C e 28\u00b0C.<\/p>\n\n\n\n<p><strong>Quarta-feira (5):<\/strong>&nbsp;Sol e aumento de nuvens pela manh\u00e3, com pancadas de chuva \u00e0 tarde e \u00e0 noite que devem somar 15mm. A temperatura fica entre 17\u00b0C e 28\u00b0C.<\/p>\n\n\n\n<p><strong>Quinta-feira (6):<\/strong>&nbsp;Sol e aumento de nuvens pela manh\u00e3, com pancadas de chuva \u00e0 tarde e \u00e0 noite que devem somar 10mm. A temperatura fica entre 17\u00b0C e 27\u00b0C.<\/p>\n\n\n\n<p><strong>Sexta-feira (7):<\/strong>&nbsp;Sol com muitas nuvens e per\u00edodos de nublado, com pancadas de chuva a qualquer hora que devem somar 9mm. Os term\u00f4metros ficam entre 19\u00b0C e 24\u00b0C.<\/p>\n\n\n\n<p><strong><em>(Fonte: TVTEC Jundia\u00ed\/Imagem: Juliano Justino)<\/em><\/strong><\/p>\n","protected":false},"excerpt":{"rendered":"<p>Segundo o Climatempo, os term\u00f4metros devem marcar entre 14\u00b0C e 28\u00b0C<\/p>\n","protected":false},"author":30,"featured_media":107440,"comment_status":"closed","ping_status":"0","sticky":false,"template":"","format":"standard","meta":{"footnotes":""},"categories":[3185,29,8356,1],"tags":[],"class_list":["post-107439","post","type-post","status-publish","format-standard","has-post-thumbnail","hentry","category-clima","category-destaque","category-jundiai","category-noticias"],"_links":{"self":[{"href":"https:\/\/tvtecjundiai.com.br\/news\/wp-json\/wp\/v2\/posts\/107439","targetHints":{"allow":["GET"]}}],"collection":[{"href":"https:\/\/tvtecjundiai.com.br\/news\/wp-json\/wp\/v2\/posts"}],"about":[{"href":"https:\/\/tvtecjundiai.com.br\/news\/wp-json\/wp\/v2\/types\/post"}],"author":[{"embeddable":true,"href":"https:\/\/tvtecjundiai.com.br\/news\/wp-json\/wp\/v2\/users\/30"}],"replies":[{"embeddable":true,"href":"https:\/\/tvtecjundiai.com.br\/news\/wp-json\/wp\/v2\/comments?post=107439"}],"version-history":[{"count":2,"href":"https:\/\/tvtecjundiai.com.br\/news\/wp-json\/wp\/v2\/posts\/107439\/revisions"}],"predecessor-version":[{"id":107445,"href":"https:\/\/tvtecjundiai.com.br\/news\/wp-json\/wp\/v2\/posts\/107439\/revisions\/107445"}],"wp:featuredmedia":[{"embeddable":true,"href":"https:\/\/tvtecjundiai.com.br\/news\/wp-json\/wp\/v2\/media\/107440"}],"wp:attachment":[{"href":"https:\/\/tvtecjundiai.com.br\/news\/wp-json\/wp\/v2\/media?parent=107439"}],"wp:term":[{"taxonomy":"category","embeddable":true,"href":"https:\/\/tvtecjundiai.com.br\/news\/wp-json\/wp\/v2\/categories?post=107439"},{"taxonomy":"post_tag","embeddable":true,"href":"https:\/\/tvtecjundiai.com.br\/news\/wp-json\/wp\/v2\/tags?post=107439"}],"curies":[{"name":"wp","href":"https:\/\/api.w.org\/{rel}","templated":true}]}}