{"id":107446,"date":"2023-04-03T10:07:34","date_gmt":"2023-04-03T13:07:34","guid":{"rendered":"https:\/\/tvtecjundiai.com.br\/news\/?p=107446"},"modified":"2023-04-03T10:07:35","modified_gmt":"2023-04-03T13:07:35","slug":"prazo-para-pedir-isencao-ou-reducao-de-taxa-do-vestibular-da-fatec-jundiai-vai-ate-11-de-abril","status":"publish","type":"post","link":"https:\/\/tvtecjundiai.com.br\/news\/2023\/04\/03\/prazo-para-pedir-isencao-ou-reducao-de-taxa-do-vestibular-da-fatec-jundiai-vai-ate-11-de-abril\/","title":{"rendered":"Prazo para pedir isen\u00e7\u00e3o ou redu\u00e7\u00e3o de taxa do vestibular da Fatec Jundia\u00ed vai at\u00e9 11 de abril"},"content":{"rendered":"\n<p>Os interessados em concorrer a uma vaga para os cursos da Fatec Jundia\u00ed e de outras unidades do estado de S\u00e3o Paulo podem solicitar a isen\u00e7\u00e3o ou redu\u00e7\u00e3o de 50% do valor da taxa de inscri\u00e7\u00e3o do processo seletivo at\u00e9 o dia 11 de abril. O ingresso \u00e9 para o segundo semestre de 2023.<\/p>\n\n\n\n<p>O pedido pode ser feito pelo site <a href=\"http:\/\/www.vestibularfatec.com.br\/\">www.vestibularfatec.com.br<\/a> e o resultado ser\u00e1 divulgado pela internet no dia 24 de abril, a partir das 15h.<\/p>\n\n\n\n<p>O valor integral da taxa \u00e9 de R$ 91. O Centro Paula Souza (CPS) concede seis mil isen\u00e7\u00f5es de pagamento.<\/p>\n\n\n<div class=\"wp-block-image\">\n<figure class=\"aligncenter size-full\"><img loading=\"lazy\" decoding=\"async\" width=\"620\" height=\"389\" src=\"https:\/\/tvtecjundiai.com.br\/news\/wp-content\/uploads\/sites\/2\/2022\/05\/fatec-p2.jpg\" alt=\"\" class=\"wp-image-92616\" srcset=\"https:\/\/tvtecjundiai.com.br\/news\/wp-content\/uploads\/sites\/2\/2022\/05\/fatec-p2.jpg 620w, https:\/\/tvtecjundiai.com.br\/news\/wp-content\/uploads\/sites\/2\/2022\/05\/fatec-p2-300x188.jpg 300w\" sizes=\"auto, (max-width: 620px) 100vw, 620px\" \/><\/figure>\n<\/div>\n\n\n<p><\/p>\n\n\n\n<p>Os cursos oferecidos na unidade Jundia\u00ed s\u00e3o:<\/p>\n\n\n\n<ul class=\"wp-block-list\">\n<li>An\u00e1lise e Desenvolvimento de Sistemas \u2013 tarde (1\u00b0 ao 4\u00b0 semestre) e noite (5\u00b0 e 6\u00b0 semestres)<\/li>\n\n\n\n<li>Defesa Cibern\u00e9tica \u2013 noite<\/li>\n\n\n\n<li>Eventos \u2013 manh\u00e3<\/li>\n\n\n\n<li>Gest\u00e3o Ambiental \u2013 tarde (1\u00b0 ao 4\u00b0 semestre) e noite (5\u00b0 e 6\u00b0 semestres)<\/li>\n\n\n\n<li>Gest\u00e3o da Tecnologia da Informa\u00e7\u00e3o \u2013 noite<\/li>\n\n\n\n<li>Gest\u00e3o de Log\u00edstica Integrada \u2013 manh\u00e3 e noite<\/li>\n\n\n\n<li>Gest\u00e3o Empresarial \u2013 EaD<\/li>\n\n\n\n<li>Sistemas Embarcados \u2013 manh\u00e3 (1\u00b0 ao 4\u00b0 semestre) e noite (5\u00b0 e 6\u00b0 semestres)<\/li>\n<\/ul>\n\n\n\n<p><strong><em>(Fonte: TVTEC Jundia\u00ed\/Imagem: Divulga\u00e7\u00e3o)<\/em><\/strong><\/p>\n","protected":false},"excerpt":{"rendered":"<p>O processo seletivo \u00e9 para ingresso no segundo semestre de 2023<\/p>\n","protected":false},"author":30,"featured_media":92616,"comment_status":"closed","ping_status":"0","sticky":false,"template":"","format":"standard","meta":{"footnotes":""},"categories":[2828,8356,1],"tags":[],"class_list":["post-107446","post","type-post","status-publish","format-standard","has-post-thumbnail","hentry","category-educacao","category-jundiai","category-noticias"],"_links":{"self":[{"href":"https:\/\/tvtecjundiai.com.br\/news\/wp-json\/wp\/v2\/posts\/107446","targetHints":{"allow":["GET"]}}],"collection":[{"href":"https:\/\/tvtecjundiai.com.br\/news\/wp-json\/wp\/v2\/posts"}],"about":[{"href":"https:\/\/tvtecjundiai.com.br\/news\/wp-json\/wp\/v2\/types\/post"}],"author":[{"embeddable":true,"href":"https:\/\/tvtecjundiai.com.br\/news\/wp-json\/wp\/v2\/users\/30"}],"replies":[{"embeddable":true,"href":"https:\/\/tvtecjundiai.com.br\/news\/wp-json\/wp\/v2\/comments?post=107446"}],"version-history":[{"count":1,"href":"https:\/\/tvtecjundiai.com.br\/news\/wp-json\/wp\/v2\/posts\/107446\/revisions"}],"predecessor-version":[{"id":107447,"href":"https:\/\/tvtecjundiai.com.br\/news\/wp-json\/wp\/v2\/posts\/107446\/revisions\/107447"}],"wp:featuredmedia":[{"embeddable":true,"href":"https:\/\/tvtecjundiai.com.br\/news\/wp-json\/wp\/v2\/media\/92616"}],"wp:attachment":[{"href":"https:\/\/tvtecjundiai.com.br\/news\/wp-json\/wp\/v2\/media?parent=107446"}],"wp:term":[{"taxonomy":"category","embeddable":true,"href":"https:\/\/tvtecjundiai.com.br\/news\/wp-json\/wp\/v2\/categories?post=107446"},{"taxonomy":"post_tag","embeddable":true,"href":"https:\/\/tvtecjundiai.com.br\/news\/wp-json\/wp\/v2\/tags?post=107446"}],"curies":[{"name":"wp","href":"https:\/\/api.w.org\/{rel}","templated":true}]}}