{"id":107455,"date":"2023-04-03T11:22:46","date_gmt":"2023-04-03T14:22:46","guid":{"rendered":"https:\/\/tvtecjundiai.com.br\/news\/?p=107455"},"modified":"2023-04-03T11:54:19","modified_gmt":"2023-04-03T14:54:19","slug":"fundacao-vai-contratar-produtores-culturais","status":"publish","type":"post","link":"https:\/\/tvtecjundiai.com.br\/news\/2023\/04\/03\/fundacao-vai-contratar-produtores-culturais\/","title":{"rendered":"Funda\u00e7\u00e3o Casa da Cultura e Esportes vai contratar produtores culturais"},"content":{"rendered":"\n<p>At\u00e9 o dia 15 de maio, a Funda\u00e7\u00e3o Casa da Cultura e Esportes de Jundia\u00ed recebe as inscri\u00e7\u00f5es dos interessados em participar do processo seletivo para a contrata\u00e7\u00e3o de tr\u00eas produtores culturais para atuarem junto aos corpos art\u00edsticos do munic\u00edpio, bem como as galerias de artes.<\/p>\n\n\n\n<p>Os profissionais dever\u00e3o ter condi\u00e7\u00f5es de desenvolver a\u00e7\u00f5es de car\u00e1ter de organiza\u00e7\u00e3o, viabiliza\u00e7\u00e3o, produ\u00e7\u00e3o e gerenciamento de atividades realizadas pelos corpos art\u00edsticos de Jundia\u00ed.<\/p>\n\n\n\n<p>Entende-se por produtor(a) cultural o(a) profissional do setor art\u00edstico que demonstre dom\u00ednio de atua\u00e7\u00e3o nas \u00e1reas de produ\u00e7\u00e3o executiva e gest\u00e3o de carreiras, tendo como foco o atendimento a artistas, agentes culturais e corpos art\u00edsticos (bandas, companhias, grupos etc.).<\/p>\n\n\n\n<figure class=\"wp-block-image size-large is-resized\"><img loading=\"lazy\" decoding=\"async\" src=\"https:\/\/tvtecjundiai.com.br\/news\/wp-content\/uploads\/sites\/2\/2023\/04\/ensaio-corpos-artisticos-classicos-em-movimento_c_-39-1280x854-1-1200x801.jpg\" alt=\"\" class=\"wp-image-107456\" width=\"840\" height=\"560\" srcset=\"https:\/\/tvtecjundiai.com.br\/news\/wp-content\/uploads\/sites\/2\/2023\/04\/ensaio-corpos-artisticos-classicos-em-movimento_c_-39-1280x854-1-1200x801.jpg 1200w, https:\/\/tvtecjundiai.com.br\/news\/wp-content\/uploads\/sites\/2\/2023\/04\/ensaio-corpos-artisticos-classicos-em-movimento_c_-39-1280x854-1-300x200.jpg 300w, https:\/\/tvtecjundiai.com.br\/news\/wp-content\/uploads\/sites\/2\/2023\/04\/ensaio-corpos-artisticos-classicos-em-movimento_c_-39-1280x854-1-768x512.jpg 768w, https:\/\/tvtecjundiai.com.br\/news\/wp-content\/uploads\/sites\/2\/2023\/04\/ensaio-corpos-artisticos-classicos-em-movimento_c_-39-1280x854-1.jpg 1280w\" sizes=\"auto, (max-width: 840px) 100vw, 840px\" \/><\/figure>\n\n\n\n<p>Os Corpos Art\u00edsticos e espa\u00e7os a serem atendidos no munic\u00edpio s\u00e3o: N\u00facleo de Coro \u2013 adulto e infantil, Corpo Art\u00edstico de Dan\u00e7a, Corpo Art\u00edstico de M\u00fasica, Corpo Art\u00edstico de Teatro e Galeria de Artes.<\/p>\n\n\n\n<p>As inscri\u00e7\u00f5es s\u00e3o gratuitas e dever\u00e3o ser realizadas por meio do Formul\u00e1rio Google Online,&nbsp;<a href=\"https:\/\/cultura.jundiai.sp.gov.br\/editais-e-regulamentos\/\" target=\"_blank\" rel=\"noreferrer noopener\">acess\u00edvel atrav\u00e9s do endere\u00e7o eletr\u00f4nico<\/a>. Cada proponente poder\u00e1 inscrever apenas um projeto.<\/p>\n\n\n\n<p>Os servi\u00e7os de Produ\u00e7\u00e3o Cultural ter\u00e3o dura\u00e7\u00e3o de 12 meses presencial, sendo 5 (cinco) dias\/semana, 30 (trinta) horas semanais. O valor mensal ser\u00e1 de R$ 4 mil.<\/p>\n\n\n\n<p><strong><em>(Fonte\/Imagem: Prefeitura de Junida\u00ed)<\/em><\/strong><\/p>\n","protected":false},"excerpt":{"rendered":"<p>Os profissionais dever\u00e3o ter condi\u00e7\u00f5es de desenvolver a\u00e7\u00f5es de car\u00e1ter de organiza\u00e7\u00e3o<\/p>\n","protected":false},"author":30,"featured_media":107456,"comment_status":"closed","ping_status":"0","sticky":false,"template":"","format":"standard","meta":{"footnotes":""},"categories":[2833,8356,1],"tags":[],"class_list":["post-107455","post","type-post","status-publish","format-standard","has-post-thumbnail","hentry","category-cultura","category-jundiai","category-noticias"],"_links":{"self":[{"href":"https:\/\/tvtecjundiai.com.br\/news\/wp-json\/wp\/v2\/posts\/107455","targetHints":{"allow":["GET"]}}],"collection":[{"href":"https:\/\/tvtecjundiai.com.br\/news\/wp-json\/wp\/v2\/posts"}],"about":[{"href":"https:\/\/tvtecjundiai.com.br\/news\/wp-json\/wp\/v2\/types\/post"}],"author":[{"embeddable":true,"href":"https:\/\/tvtecjundiai.com.br\/news\/wp-json\/wp\/v2\/users\/30"}],"replies":[{"embeddable":true,"href":"https:\/\/tvtecjundiai.com.br\/news\/wp-json\/wp\/v2\/comments?post=107455"}],"version-history":[{"count":2,"href":"https:\/\/tvtecjundiai.com.br\/news\/wp-json\/wp\/v2\/posts\/107455\/revisions"}],"predecessor-version":[{"id":107463,"href":"https:\/\/tvtecjundiai.com.br\/news\/wp-json\/wp\/v2\/posts\/107455\/revisions\/107463"}],"wp:featuredmedia":[{"embeddable":true,"href":"https:\/\/tvtecjundiai.com.br\/news\/wp-json\/wp\/v2\/media\/107456"}],"wp:attachment":[{"href":"https:\/\/tvtecjundiai.com.br\/news\/wp-json\/wp\/v2\/media?parent=107455"}],"wp:term":[{"taxonomy":"category","embeddable":true,"href":"https:\/\/tvtecjundiai.com.br\/news\/wp-json\/wp\/v2\/categories?post=107455"},{"taxonomy":"post_tag","embeddable":true,"href":"https:\/\/tvtecjundiai.com.br\/news\/wp-json\/wp\/v2\/tags?post=107455"}],"curies":[{"name":"wp","href":"https:\/\/api.w.org\/{rel}","templated":true}]}}