{"id":107469,"date":"2023-04-03T15:29:12","date_gmt":"2023-04-03T18:29:12","guid":{"rendered":"https:\/\/tvtecjundiai.com.br\/news\/?p=107469"},"modified":"2023-04-03T15:53:26","modified_gmt":"2023-04-03T18:53:26","slug":"acao-voluntaria-eleva-autoestima-de-pacientes-internados-no-hospital-sao-vicente","status":"publish","type":"post","link":"https:\/\/tvtecjundiai.com.br\/news\/2023\/04\/03\/acao-voluntaria-eleva-autoestima-de-pacientes-internados-no-hospital-sao-vicente\/","title":{"rendered":"A\u00e7\u00e3o volunt\u00e1ria eleva autoestima de pacientes internados no Hospital S\u00e3o Vicente"},"content":{"rendered":"\n<p>Uma das partes mais importantes do tratamento m\u00e9dico, al\u00e9m dos cuidados f\u00edsicos, \u00e9 a aten\u00e7\u00e3o direcionada para o bem-estar emocional. Internados, os pacientes hospitalizados ficam privados do acesso aos servi\u00e7os mais b\u00e1sicos de aten\u00e7\u00e3o pessoal, como sal\u00f5es de beleza ou barbearias, por exemplo. H\u00e1 mais de seis anos, os irm\u00e3os Ant\u00f4nio Reinaldo de Lima e Leonardo Aparecido de Lima realizam trabalho volunt\u00e1rio, cortando o cabelo dos pacientes internados no Hospital de Caridade S\u00e3o Vicente de Paulo (HSV).<\/p>\n\n\n\n<p>Buscando expandir a atua\u00e7\u00e3o dos volunt\u00e1rios, promover a humaniza\u00e7\u00e3o de maneira integrada e beneficiar o maior n\u00famero de pacientes poss\u00edvel, a partir deste m\u00eas, a a\u00e7\u00e3o que antes era pontual, passa a acontecer todas as segundas-feiras. \u201cEssa \u00e9 uma iniciativa fundamental para os pacientes, tanto no \u00e2mbito da higieniza\u00e7\u00e3o, quanto para autoestima e para o bem-estar corporal dos mesmos. Alguns dos nossos usu\u00e1rios permanecem hospitalizados por 30 dias ou mais, o que dificulta esse processo de cuidado. \u00c9 muito importante para o hospital poder contar com os volunt\u00e1rios, com o tempo e o amor deles. S\u00f3 temos motivos para agradecer\u201d, compartilha a supervisora de projetos sociais do HSV, Viviane Rasera.<\/p>\n\n\n\n<p>O Bruno Antunes da Silva, de 40 anos, precisou de atendimento m\u00e9dico ap\u00f3s ter um Acidente Vascular Cerebral (AVC). O pai, Reinaldo Ramos da Silva, compartilha sua felicidade em ver o filho com o novo visual. \u201cAp\u00f3s 33 dias de interna\u00e7\u00e3o, \u00e9 normal que a barba dele j\u00e1 tivesse crescido e o cabelo tamb\u00e9m. Ele estava incomodado com isso, j\u00e1 tinha me sinalizado. Esse trabalho \u00e9 maravilhoso, at\u00e9 o olhar dele est\u00e1 diferente. N\u00f3s sempre cortamos juntos, mas dessa vez eu \u00e9 que continuo cabeludo\u201d, brinca Reinaldo.<\/p>\n\n\n<div class=\"wp-block-image\">\n<figure class=\"aligncenter size-large is-resized\"><img loading=\"lazy\" decoding=\"async\" src=\"https:\/\/tvtecjundiai.com.br\/news\/wp-content\/uploads\/sites\/2\/2023\/04\/Bruno-e-Antonio-posam-para-foto-de-antes-e-depois-do-novo-visual-720x960.jpg\" alt=\"\" class=\"wp-image-107470\" width=\"488\" height=\"650\" srcset=\"https:\/\/tvtecjundiai.com.br\/news\/wp-content\/uploads\/sites\/2\/2023\/04\/Bruno-e-Antonio-posam-para-foto-de-antes-e-depois-do-novo-visual-720x960.jpg 720w, https:\/\/tvtecjundiai.com.br\/news\/wp-content\/uploads\/sites\/2\/2023\/04\/Bruno-e-Antonio-posam-para-foto-de-antes-e-depois-do-novo-visual-300x400.jpg 300w, https:\/\/tvtecjundiai.com.br\/news\/wp-content\/uploads\/sites\/2\/2023\/04\/Bruno-e-Antonio-posam-para-foto-de-antes-e-depois-do-novo-visual-768x1024.jpg 768w, https:\/\/tvtecjundiai.com.br\/news\/wp-content\/uploads\/sites\/2\/2023\/04\/Bruno-e-Antonio-posam-para-foto-de-antes-e-depois-do-novo-visual-1152x1536.jpg 1152w, https:\/\/tvtecjundiai.com.br\/news\/wp-content\/uploads\/sites\/2\/2023\/04\/Bruno-e-Antonio-posam-para-foto-de-antes-e-depois-do-novo-visual.jpg 1200w\" sizes=\"auto, (max-width: 488px) 100vw, 488px\" \/><\/figure>\n<\/div>\n\n\n<p><\/p>\n\n\n\n<p>\u201c\u00c9 uma satisfa\u00e7\u00e3o enorme poder contribuir desta forma. Faz bem para n\u00f3s e para eles. S\u00e3o pacientes que j\u00e1 est\u00e3o fragilizados pela doen\u00e7a, muitas vezes acamados e debilitados. O corte de cabelo muda at\u00e9 o semblante da pessoa. O sorriso \u00e9 meu pagamento e vale muito mais do que qualquer valor em dinheiro\u201d, garante Ant\u00f4nio.<\/p>\n\n\n\n<p>A a\u00e7\u00e3o ir\u00e1 contemplar todas as enfermarias e tem seu fluxo definido pelo Time de Humaniza\u00e7\u00e3o da institui\u00e7\u00e3o.<\/p>\n\n\n<div class=\"wp-block-image\">\n<figure class=\"aligncenter size-large is-resized\"><img loading=\"lazy\" decoding=\"async\" src=\"https:\/\/tvtecjundiai.com.br\/news\/wp-content\/uploads\/sites\/2\/2023\/04\/Bruno-e-Antonio-posam-para-foto-de-antes-e-depois-do-novo-visual-2-1200x804.jpg\" alt=\"\" class=\"wp-image-107472\" width=\"630\" height=\"421\" srcset=\"https:\/\/tvtecjundiai.com.br\/news\/wp-content\/uploads\/sites\/2\/2023\/04\/Bruno-e-Antonio-posam-para-foto-de-antes-e-depois-do-novo-visual-2-1200x804.jpg 1200w, https:\/\/tvtecjundiai.com.br\/news\/wp-content\/uploads\/sites\/2\/2023\/04\/Bruno-e-Antonio-posam-para-foto-de-antes-e-depois-do-novo-visual-2-300x201.jpg 300w, https:\/\/tvtecjundiai.com.br\/news\/wp-content\/uploads\/sites\/2\/2023\/04\/Bruno-e-Antonio-posam-para-foto-de-antes-e-depois-do-novo-visual-2-768x515.jpg 768w, https:\/\/tvtecjundiai.com.br\/news\/wp-content\/uploads\/sites\/2\/2023\/04\/Bruno-e-Antonio-posam-para-foto-de-antes-e-depois-do-novo-visual-2.jpg 1280w\" sizes=\"auto, (max-width: 630px) 100vw, 630px\" \/><\/figure>\n<\/div>\n\n\n<p><strong><em>(Fonte\/Imagem: Assessoria Hospital S\u00e3o Vicente)<\/em><\/strong><\/p>\n","protected":false},"excerpt":{"rendered":"<p>Internados, os pacientes hospitalizados ficam privados do acesso aos servi\u00e7os mais b\u00e1sicos de aten\u00e7\u00e3o pessoal<\/p>\n","protected":false},"author":30,"featured_media":107472,"comment_status":"closed","ping_status":"0","sticky":false,"template":"","format":"standard","meta":{"footnotes":""},"categories":[8356,1,2839,8355],"tags":[],"class_list":["post-107469","post","type-post","status-publish","format-standard","has-post-thumbnail","hentry","category-jundiai","category-noticias","category-saude","category-saude-3"],"_links":{"self":[{"href":"https:\/\/tvtecjundiai.com.br\/news\/wp-json\/wp\/v2\/posts\/107469","targetHints":{"allow":["GET"]}}],"collection":[{"href":"https:\/\/tvtecjundiai.com.br\/news\/wp-json\/wp\/v2\/posts"}],"about":[{"href":"https:\/\/tvtecjundiai.com.br\/news\/wp-json\/wp\/v2\/types\/post"}],"author":[{"embeddable":true,"href":"https:\/\/tvtecjundiai.com.br\/news\/wp-json\/wp\/v2\/users\/30"}],"replies":[{"embeddable":true,"href":"https:\/\/tvtecjundiai.com.br\/news\/wp-json\/wp\/v2\/comments?post=107469"}],"version-history":[{"count":3,"href":"https:\/\/tvtecjundiai.com.br\/news\/wp-json\/wp\/v2\/posts\/107469\/revisions"}],"predecessor-version":[{"id":107474,"href":"https:\/\/tvtecjundiai.com.br\/news\/wp-json\/wp\/v2\/posts\/107469\/revisions\/107474"}],"wp:featuredmedia":[{"embeddable":true,"href":"https:\/\/tvtecjundiai.com.br\/news\/wp-json\/wp\/v2\/media\/107472"}],"wp:attachment":[{"href":"https:\/\/tvtecjundiai.com.br\/news\/wp-json\/wp\/v2\/media?parent=107469"}],"wp:term":[{"taxonomy":"category","embeddable":true,"href":"https:\/\/tvtecjundiai.com.br\/news\/wp-json\/wp\/v2\/categories?post=107469"},{"taxonomy":"post_tag","embeddable":true,"href":"https:\/\/tvtecjundiai.com.br\/news\/wp-json\/wp\/v2\/tags?post=107469"}],"curies":[{"name":"wp","href":"https:\/\/api.w.org\/{rel}","templated":true}]}}