{"id":107529,"date":"2023-04-04T14:48:25","date_gmt":"2023-04-04T17:48:25","guid":{"rendered":"https:\/\/tvtecjundiai.com.br\/news\/?p=107529"},"modified":"2023-04-04T14:48:26","modified_gmt":"2023-04-04T17:48:26","slug":"superacao-e-alegria-marcam-a-20a-edicao-do-festival-especial-regional-de-atletismo","status":"publish","type":"post","link":"https:\/\/tvtecjundiai.com.br\/news\/2023\/04\/04\/superacao-e-alegria-marcam-a-20a-edicao-do-festival-especial-regional-de-atletismo\/","title":{"rendered":"Supera\u00e7\u00e3o e alegria marcam a 20\u00aa edi\u00e7\u00e3o do Festival Especial Regional de Atletismo"},"content":{"rendered":"\n<p>Ap\u00f3s tr\u00eas anos, o Complexo Esportivo Dr. Nicolino de Luca, o Bol\u00e3o, voltou a sediar o Festival Especial Regional de Atletismo (FERA), nesta ter\u00e7a-feira (04). O evento, organizado pelo Programa de Esportes e Atividades Motoras Adaptadas (Peama) e realizado pela Unidade de Gest\u00e3o de Esporte e Lazer (UGEL), chegou \u00e0 sua 20\u00aa edi\u00e7\u00e3o e reuniu 140 atletas que deram um show de alegria e supera\u00e7\u00e3o.<\/p>\n\n\n<div class=\"wp-block-image\">\n<figure class=\"aligncenter size-large is-resized\"><img loading=\"lazy\" decoding=\"async\" src=\"https:\/\/tvtecjundiai.com.br\/news\/wp-content\/uploads\/sites\/2\/2023\/04\/20-edicao-do-fera-festival-especial-regional-de-atletismo-no-bolao-equipe-do-peama_fm_-205-1-1280x936-1-1200x878.jpg\" alt=\"\" class=\"wp-image-107532\" width=\"616\" height=\"450\" srcset=\"https:\/\/tvtecjundiai.com.br\/news\/wp-content\/uploads\/sites\/2\/2023\/04\/20-edicao-do-fera-festival-especial-regional-de-atletismo-no-bolao-equipe-do-peama_fm_-205-1-1280x936-1-1200x878.jpg 1200w, https:\/\/tvtecjundiai.com.br\/news\/wp-content\/uploads\/sites\/2\/2023\/04\/20-edicao-do-fera-festival-especial-regional-de-atletismo-no-bolao-equipe-do-peama_fm_-205-1-1280x936-1-300x219.jpg 300w, https:\/\/tvtecjundiai.com.br\/news\/wp-content\/uploads\/sites\/2\/2023\/04\/20-edicao-do-fera-festival-especial-regional-de-atletismo-no-bolao-equipe-do-peama_fm_-205-1-1280x936-1-768x562.jpg 768w, https:\/\/tvtecjundiai.com.br\/news\/wp-content\/uploads\/sites\/2\/2023\/04\/20-edicao-do-fera-festival-especial-regional-de-atletismo-no-bolao-equipe-do-peama_fm_-205-1-1280x936-1.jpg 1280w\" sizes=\"auto, (max-width: 616px) 100vw, 616px\" \/><\/figure>\n<\/div>\n\n\n<p><\/p>\n\n\n\n<p>Os participantes s\u00e3o de seis institui\u00e7\u00f5es dedicadas ao atendimento a pessoas com defici\u00eancia, de cinco cidades diferentes. Al\u00e9m de Jundia\u00ed, Campo Limpo Paulista, Louveira, Vinhedo e Itupeva marcaram presen\u00e7a.<\/p>\n\n\n\n<p>Em sua primeira participa\u00e7\u00e3o, o garoto Ra\u00ed Henrique Vital Momesso, de 15 anos, competiu nas provas de salto em dist\u00e2ncia e corrida representando o pr\u00f3prio Peama. \u201cImportante ter a chance de competir. O meu sonho \u00e9 virar um atleta profissional e disputar os jogos ol\u00edmpicos e outras competi\u00e7\u00f5es fora de Brasil\u201d, conta.<\/p>\n\n\n\n<p>\u201c\u00c9 um orgulho imenso conseguir retomar esse importante festival, que tem como objetivo estimular a pr\u00e1tica de atividades f\u00edsicas, a boa conviv\u00eancia e o acolhimento das pessoas e fam\u00edlias\u201d, afirma o Gestor de Esportes e Lazer, Luiz Cl\u00e1udio Tarallo.<\/p>\n\n\n<div class=\"wp-block-image\">\n<figure class=\"aligncenter size-large is-resized\"><img loading=\"lazy\" decoding=\"async\" src=\"https:\/\/tvtecjundiai.com.br\/news\/wp-content\/uploads\/sites\/2\/2023\/04\/20-edicao-do-fera-festival-especial-regional-de-atletismo-no-bolao-equipe-do-peama_fm_-42-2-1280x854-1-1200x801.jpg\" alt=\"\" class=\"wp-image-107530\" width=\"770\" height=\"513\" srcset=\"https:\/\/tvtecjundiai.com.br\/news\/wp-content\/uploads\/sites\/2\/2023\/04\/20-edicao-do-fera-festival-especial-regional-de-atletismo-no-bolao-equipe-do-peama_fm_-42-2-1280x854-1-1200x801.jpg 1200w, https:\/\/tvtecjundiai.com.br\/news\/wp-content\/uploads\/sites\/2\/2023\/04\/20-edicao-do-fera-festival-especial-regional-de-atletismo-no-bolao-equipe-do-peama_fm_-42-2-1280x854-1-300x200.jpg 300w, https:\/\/tvtecjundiai.com.br\/news\/wp-content\/uploads\/sites\/2\/2023\/04\/20-edicao-do-fera-festival-especial-regional-de-atletismo-no-bolao-equipe-do-peama_fm_-42-2-1280x854-1-768x512.jpg 768w, https:\/\/tvtecjundiai.com.br\/news\/wp-content\/uploads\/sites\/2\/2023\/04\/20-edicao-do-fera-festival-especial-regional-de-atletismo-no-bolao-equipe-do-peama_fm_-42-2-1280x854-1.jpg 1280w\" sizes=\"auto, (max-width: 770px) 100vw, 770px\" \/><\/figure>\n<\/div>\n\n\n<p><\/p>\n\n\n\n<p>Para o diretor do Departamento de Esportes Adaptados, C\u00e9sar Munir, festivais esportivos s\u00e3o mostras de que as pessoas com defici\u00eancia podem fazer tudo o que tiverem vontade. \u201cIsso mostra para a sociedade que as pessoas com defici\u00eancia t\u00eam muitas possibilidades, mostra que todos t\u00eam capacidades e dificuldades e s\u00e3o capazes de superar\u201d, garante C\u00e9sar.<\/p>\n\n\n\n<p><strong><em>(Fonte\/Imagem: Prefeitura de Jundia\u00ed)<\/em><\/strong><\/p>\n","protected":false},"excerpt":{"rendered":"<p>Peama foi uma das institui\u00e7\u00f5es que participaram do FERA, nesta ter\u00e7a-feira (04)<\/p>\n","protected":false},"author":30,"featured_media":107532,"comment_status":"closed","ping_status":"0","sticky":false,"template":"","format":"standard","meta":{"footnotes":""},"categories":[2827,8356,1],"tags":[],"class_list":["post-107529","post","type-post","status-publish","format-standard","has-post-thumbnail","hentry","category-esportes-e-lazer","category-jundiai","category-noticias"],"_links":{"self":[{"href":"https:\/\/tvtecjundiai.com.br\/news\/wp-json\/wp\/v2\/posts\/107529","targetHints":{"allow":["GET"]}}],"collection":[{"href":"https:\/\/tvtecjundiai.com.br\/news\/wp-json\/wp\/v2\/posts"}],"about":[{"href":"https:\/\/tvtecjundiai.com.br\/news\/wp-json\/wp\/v2\/types\/post"}],"author":[{"embeddable":true,"href":"https:\/\/tvtecjundiai.com.br\/news\/wp-json\/wp\/v2\/users\/30"}],"replies":[{"embeddable":true,"href":"https:\/\/tvtecjundiai.com.br\/news\/wp-json\/wp\/v2\/comments?post=107529"}],"version-history":[{"count":2,"href":"https:\/\/tvtecjundiai.com.br\/news\/wp-json\/wp\/v2\/posts\/107529\/revisions"}],"predecessor-version":[{"id":107533,"href":"https:\/\/tvtecjundiai.com.br\/news\/wp-json\/wp\/v2\/posts\/107529\/revisions\/107533"}],"wp:featuredmedia":[{"embeddable":true,"href":"https:\/\/tvtecjundiai.com.br\/news\/wp-json\/wp\/v2\/media\/107532"}],"wp:attachment":[{"href":"https:\/\/tvtecjundiai.com.br\/news\/wp-json\/wp\/v2\/media?parent=107529"}],"wp:term":[{"taxonomy":"category","embeddable":true,"href":"https:\/\/tvtecjundiai.com.br\/news\/wp-json\/wp\/v2\/categories?post=107529"},{"taxonomy":"post_tag","embeddable":true,"href":"https:\/\/tvtecjundiai.com.br\/news\/wp-json\/wp\/v2\/tags?post=107529"}],"curies":[{"name":"wp","href":"https:\/\/api.w.org\/{rel}","templated":true}]}}