{"id":107550,"date":"2023-04-05T08:54:54","date_gmt":"2023-04-05T11:54:54","guid":{"rendered":"https:\/\/tvtecjundiai.com.br\/news\/?p=107550"},"modified":"2023-04-05T08:54:59","modified_gmt":"2023-04-05T11:54:59","slug":"servidores-da-prefeitura-de-jundiai-farao-pos-graduacao-em-gestao-publica","status":"publish","type":"post","link":"https:\/\/tvtecjundiai.com.br\/news\/2023\/04\/05\/servidores-da-prefeitura-de-jundiai-farao-pos-graduacao-em-gestao-publica\/","title":{"rendered":"Servidores da Prefeitura de Jundia\u00ed far\u00e3o p\u00f3s-gradua\u00e7\u00e3o em Gest\u00e3o P\u00fablica"},"content":{"rendered":"\n<p>Cerca de 50 servidores municipais que est\u00e3o em posi\u00e7\u00f5es estrat\u00e9gicas da administra\u00e7\u00e3o come\u00e7ar\u00e3o um curso de p\u00f3s-gradua\u00e7\u00e3o em Governan\u00e7a e Inova\u00e7\u00e3o no Servi\u00e7o P\u00fablico. O curso ter\u00e1 dura\u00e7\u00e3o de 15 meses (450 horas), com duas aulas semanais a partir de 11 de abril. \u00c9 uma parceria entre a Prefeitura de Jundia\u00ed e o Grupo Anchieta.<\/p>\n\n\n\n<p>\u201cN\u00f3s acreditamos que o servi\u00e7o p\u00fablico aqui na nossa cidade \u00e9 a diferen\u00e7a. Quanto melhor for o setor p\u00fablico, mais a vida do mun\u00edcipe vai avan\u00e7ar\u201d, refor\u00e7a o prefeito Luiz Fernando Machado.<\/p>\n\n\n\n<p>As vagas do curso ser\u00e3o ocupadas por servidores efetivos (concursados). A gestora de Administra\u00e7\u00e3o e Gest\u00e3o de Pessoas, Simone Zanotello de Oliveira, foi quem fez a apresenta\u00e7\u00e3o da grade curricular aos servidores nesta ter\u00e7a-feira (04), no Pa\u00e7o Municipal: \u201cN\u00f3s acreditamos que essa \u00e9 uma oportunidade para que o servidor p\u00fablico possa aperfei\u00e7oar o conhecimento e nos ajudar na concretiza\u00e7\u00e3o dos servi\u00e7os p\u00fablicos e das pol\u00edticas p\u00fablicas\u201d.<\/p>\n\n\n\n<figure class=\"wp-block-image size-large\"><img loading=\"lazy\" decoding=\"async\" width=\"1200\" height=\"801\" src=\"https:\/\/tvtecjundiai.com.br\/news\/wp-content\/uploads\/sites\/2\/2023\/04\/gestora_simone_zanotello_apresenta_mba_governanca_inovacao_gestao_publica-2-2-1280x854-2-1200x801.jpg\" alt=\"\" class=\"wp-image-107552\" srcset=\"https:\/\/tvtecjundiai.com.br\/news\/wp-content\/uploads\/sites\/2\/2023\/04\/gestora_simone_zanotello_apresenta_mba_governanca_inovacao_gestao_publica-2-2-1280x854-2-1200x801.jpg 1200w, https:\/\/tvtecjundiai.com.br\/news\/wp-content\/uploads\/sites\/2\/2023\/04\/gestora_simone_zanotello_apresenta_mba_governanca_inovacao_gestao_publica-2-2-1280x854-2-300x200.jpg 300w, https:\/\/tvtecjundiai.com.br\/news\/wp-content\/uploads\/sites\/2\/2023\/04\/gestora_simone_zanotello_apresenta_mba_governanca_inovacao_gestao_publica-2-2-1280x854-2-768x512.jpg 768w, https:\/\/tvtecjundiai.com.br\/news\/wp-content\/uploads\/sites\/2\/2023\/04\/gestora_simone_zanotello_apresenta_mba_governanca_inovacao_gestao_publica-2-2-1280x854-2.jpg 1280w\" sizes=\"auto, (max-width: 1200px) 100vw, 1200px\" \/><\/figure>\n\n\n\n<p><\/p>\n\n\n\n<p>Dentre as mat\u00e9rias que constam na grade curricular, est\u00e3o \u201cPr\u00e1tica ESG no Servi\u00e7o P\u00fablico\u201d e \u201cGest\u00e3o de Pessoas no Servi\u00e7o P\u00fablico\u201d. \u201cN\u00f3s temos muito claro quais s\u00e3o as notas metas e desafios. E n\u00f3s precisamos dos servidores para que a administra\u00e7\u00e3o caminhe nessa dire\u00e7\u00e3o e que os nossos servi\u00e7os p\u00fablicos fiquem cada vez melhores. \u00c9 um desafio permanente de melhoria\u201d, detalha o gestor de Governo e Finan\u00e7as, Jos\u00e9 Ant\u00f4nio Parimoschi.<\/p>\n\n\n\n<p>\u201cO grupo Anchieta tem 82 anos. E sempre estamos lutando para, cada vez mais, proporcionar uma educa\u00e7\u00e3o de qualidade. A nossa cidade est\u00e1 colocada como uma das melhores do Brasil. E \u00e9 um orgulho fazer parte desse momento e contribuir com a administra\u00e7\u00e3o municipal\u201d, disse o diretor-presidente do Grupo Anchieta, Norberto Fornari.<\/p>\n\n\n\n<figure class=\"wp-block-image size-large\"><img loading=\"lazy\" decoding=\"async\" width=\"1200\" height=\"801\" src=\"https:\/\/tvtecjundiai.com.br\/news\/wp-content\/uploads\/sites\/2\/2023\/04\/gestora_simone_zanotello_apresenta_mba_governanca_inovacao_gestao_publica-49-1-1280x854-1-1200x801.jpg\" alt=\"\" class=\"wp-image-107553\" srcset=\"https:\/\/tvtecjundiai.com.br\/news\/wp-content\/uploads\/sites\/2\/2023\/04\/gestora_simone_zanotello_apresenta_mba_governanca_inovacao_gestao_publica-49-1-1280x854-1-1200x801.jpg 1200w, https:\/\/tvtecjundiai.com.br\/news\/wp-content\/uploads\/sites\/2\/2023\/04\/gestora_simone_zanotello_apresenta_mba_governanca_inovacao_gestao_publica-49-1-1280x854-1-300x200.jpg 300w, https:\/\/tvtecjundiai.com.br\/news\/wp-content\/uploads\/sites\/2\/2023\/04\/gestora_simone_zanotello_apresenta_mba_governanca_inovacao_gestao_publica-49-1-1280x854-1-768x512.jpg 768w, https:\/\/tvtecjundiai.com.br\/news\/wp-content\/uploads\/sites\/2\/2023\/04\/gestora_simone_zanotello_apresenta_mba_governanca_inovacao_gestao_publica-49-1-1280x854-1.jpg 1280w\" sizes=\"auto, (max-width: 1200px) 100vw, 1200px\" \/><\/figure>\n\n\n\n<p><\/p>\n\n\n\n<p><strong><em>(Fonte\/Imagens: Prefeitura de Jundia\u00ed)<\/em><\/strong><\/p>\n","protected":false},"excerpt":{"rendered":"<p>O curso ter\u00e1 dura\u00e7\u00e3o de 15 meses, com duas aulas semanais a partir de 11 de abril<\/p>\n","protected":false},"author":30,"featured_media":107553,"comment_status":"closed","ping_status":"0","sticky":false,"template":"","format":"standard","meta":{"footnotes":""},"categories":[8357,8356,1],"tags":[],"class_list":["post-107550","post","type-post","status-publish","format-standard","has-post-thumbnail","hentry","category-gestao","category-jundiai","category-noticias"],"_links":{"self":[{"href":"https:\/\/tvtecjundiai.com.br\/news\/wp-json\/wp\/v2\/posts\/107550","targetHints":{"allow":["GET"]}}],"collection":[{"href":"https:\/\/tvtecjundiai.com.br\/news\/wp-json\/wp\/v2\/posts"}],"about":[{"href":"https:\/\/tvtecjundiai.com.br\/news\/wp-json\/wp\/v2\/types\/post"}],"author":[{"embeddable":true,"href":"https:\/\/tvtecjundiai.com.br\/news\/wp-json\/wp\/v2\/users\/30"}],"replies":[{"embeddable":true,"href":"https:\/\/tvtecjundiai.com.br\/news\/wp-json\/wp\/v2\/comments?post=107550"}],"version-history":[{"count":1,"href":"https:\/\/tvtecjundiai.com.br\/news\/wp-json\/wp\/v2\/posts\/107550\/revisions"}],"predecessor-version":[{"id":107554,"href":"https:\/\/tvtecjundiai.com.br\/news\/wp-json\/wp\/v2\/posts\/107550\/revisions\/107554"}],"wp:featuredmedia":[{"embeddable":true,"href":"https:\/\/tvtecjundiai.com.br\/news\/wp-json\/wp\/v2\/media\/107553"}],"wp:attachment":[{"href":"https:\/\/tvtecjundiai.com.br\/news\/wp-json\/wp\/v2\/media?parent=107550"}],"wp:term":[{"taxonomy":"category","embeddable":true,"href":"https:\/\/tvtecjundiai.com.br\/news\/wp-json\/wp\/v2\/categories?post=107550"},{"taxonomy":"post_tag","embeddable":true,"href":"https:\/\/tvtecjundiai.com.br\/news\/wp-json\/wp\/v2\/tags?post=107550"}],"curies":[{"name":"wp","href":"https:\/\/api.w.org\/{rel}","templated":true}]}}