{"id":107578,"date":"2023-04-05T14:19:10","date_gmt":"2023-04-05T17:19:10","guid":{"rendered":"https:\/\/tvtecjundiai.com.br\/news\/?p=107578"},"modified":"2023-04-05T14:19:11","modified_gmt":"2023-04-05T17:19:11","slug":"transporte-metropolitano-funciona-com-horario-especial-durante-o-feriado-de-pascoa","status":"publish","type":"post","link":"https:\/\/tvtecjundiai.com.br\/news\/2023\/04\/05\/transporte-metropolitano-funciona-com-horario-especial-durante-o-feriado-de-pascoa\/","title":{"rendered":"Transporte metropolitano funciona com hor\u00e1rio especial durante o feriado de P\u00e1scoa"},"content":{"rendered":"\n<p>Em raz\u00e3o do feriado de P\u00e1scoa, entre a sexta-feira Santa (7) e o domingo de P\u00e1scoa (9), as linhas da CPTM, do metr\u00f4 e dos \u00f4nibus intermunicipais gerenciados pela EMTU atender\u00e3o com programa\u00e7\u00e3o especial. A opera\u00e7\u00e3o tamb\u00e9m ser\u00e1 monitorada e, se necess\u00e1rio, ser\u00e3o adicionados mais trens nas linhas e \u00f4nibus nas ruas.<\/p>\n\n\n\n<p>Na<strong>\u00a0CPTM,<\/strong>\u00a0a opera\u00e7\u00e3o das cinco linhas de trens <strong>(Linhas 7-Rubi, 10-Turquesa, 11-Coral, 12-Safira e 13-Jade)<\/strong> nesta sexta-feira (7) ser\u00e1 igual \u00e0 de um domingo. J\u00e1 no s\u00e1bado (8) e domingo (9), a opera\u00e7\u00e3o manter\u00e1 a programa\u00e7\u00e3o prevista para esses dias, com os intervalos programados para os fins de semana.<\/p>\n\n\n\n<p>Os \u00f4nibus da\u00a0<strong>EMTU,<\/strong>\u00a0que circulam nas cinco regi\u00f5es metropolitanas do estado de S\u00e3o Paulo, funcionar\u00e3o com hor\u00e1rio de domingo na sexta-feira (7). No s\u00e1bado (8) e domingo (9), os servi\u00e7os operam com a programa\u00e7\u00e3o normal. Os hor\u00e1rios e itiner\u00e1rios est\u00e3o dispon\u00edveis na internet\u00a0e no app da EMTU.<\/p>\n\n\n<div class=\"wp-block-image\">\n<figure class=\"aligncenter size-full is-resized\"><img loading=\"lazy\" decoding=\"async\" src=\"https:\/\/tvtecjundiai.com.br\/news\/wp-content\/uploads\/sites\/2\/2023\/04\/trem-cptm-768x444-1.jpg\" alt=\"\" class=\"wp-image-107579\" width=\"642\" height=\"371\" srcset=\"https:\/\/tvtecjundiai.com.br\/news\/wp-content\/uploads\/sites\/2\/2023\/04\/trem-cptm-768x444-1.jpg 768w, https:\/\/tvtecjundiai.com.br\/news\/wp-content\/uploads\/sites\/2\/2023\/04\/trem-cptm-768x444-1-300x173.jpg 300w\" sizes=\"auto, (max-width: 642px) 100vw, 642px\" \/><\/figure>\n<\/div>\n\n\n<p><\/p>\n\n\n\n<p><strong><em>(Fonte: Secretaria de Transportes Metropolitanos\/Imagem: CPTM\/Divulga\u00e7\u00e3o)<\/em><\/strong><\/p>\n","protected":false},"excerpt":{"rendered":"<p>Opera\u00e7\u00e3o das cinco linhas de trens nesta sexta-feira (7) ser\u00e1 igual \u00e0 de um domingo<\/p>\n","protected":false},"author":30,"featured_media":107579,"comment_status":"closed","ping_status":"0","sticky":false,"template":"","format":"standard","meta":{"footnotes":""},"categories":[8356,1,3059],"tags":[],"class_list":["post-107578","post","type-post","status-publish","format-standard","has-post-thumbnail","hentry","category-jundiai","category-noticias","category-transportes"],"_links":{"self":[{"href":"https:\/\/tvtecjundiai.com.br\/news\/wp-json\/wp\/v2\/posts\/107578","targetHints":{"allow":["GET"]}}],"collection":[{"href":"https:\/\/tvtecjundiai.com.br\/news\/wp-json\/wp\/v2\/posts"}],"about":[{"href":"https:\/\/tvtecjundiai.com.br\/news\/wp-json\/wp\/v2\/types\/post"}],"author":[{"embeddable":true,"href":"https:\/\/tvtecjundiai.com.br\/news\/wp-json\/wp\/v2\/users\/30"}],"replies":[{"embeddable":true,"href":"https:\/\/tvtecjundiai.com.br\/news\/wp-json\/wp\/v2\/comments?post=107578"}],"version-history":[{"count":1,"href":"https:\/\/tvtecjundiai.com.br\/news\/wp-json\/wp\/v2\/posts\/107578\/revisions"}],"predecessor-version":[{"id":107581,"href":"https:\/\/tvtecjundiai.com.br\/news\/wp-json\/wp\/v2\/posts\/107578\/revisions\/107581"}],"wp:featuredmedia":[{"embeddable":true,"href":"https:\/\/tvtecjundiai.com.br\/news\/wp-json\/wp\/v2\/media\/107579"}],"wp:attachment":[{"href":"https:\/\/tvtecjundiai.com.br\/news\/wp-json\/wp\/v2\/media?parent=107578"}],"wp:term":[{"taxonomy":"category","embeddable":true,"href":"https:\/\/tvtecjundiai.com.br\/news\/wp-json\/wp\/v2\/categories?post=107578"},{"taxonomy":"post_tag","embeddable":true,"href":"https:\/\/tvtecjundiai.com.br\/news\/wp-json\/wp\/v2\/tags?post=107578"}],"curies":[{"name":"wp","href":"https:\/\/api.w.org\/{rel}","templated":true}]}}