{"id":107580,"date":"2023-04-05T14:26:21","date_gmt":"2023-04-05T17:26:21","guid":{"rendered":"https:\/\/tvtecjundiai.com.br\/news\/?p=107580"},"modified":"2023-04-05T14:26:21","modified_gmt":"2023-04-05T17:26:21","slug":"saude-vacina-idosos-contra-a-gripe-a-partir-de-terca-feira-11","status":"publish","type":"post","link":"https:\/\/tvtecjundiai.com.br\/news\/2023\/04\/05\/saude-vacina-idosos-contra-a-gripe-a-partir-de-terca-feira-11\/","title":{"rendered":"Sa\u00fade vacina idosos contra a gripe a partir de ter\u00e7a-feira (11)"},"content":{"rendered":"\n<p>Os idosos a partir de 60 anos ser\u00e3o o primeiro grupo que vai receber a vacina contra a gripe, a partir da pr\u00f3xima ter\u00e7a-feira (11). A aplica\u00e7\u00e3o das doses ocorrer\u00e1 em todas as UBSs no per\u00edodo da manh\u00e3. Entre os dias 11 a 14 de abril, os idosos ser\u00e3o contemplados. A partir de s\u00e1bado (15), a vacina\u00e7\u00e3o ser\u00e1 aberta aos demais p\u00fablicos.<\/p>\n\n\n\n<p>\u201cA influenza e a covid-19 continuam sendo amea\u00e7as de sa\u00fade p\u00fablica, especialmente para as pessoas n\u00e3o vacinadas. Assim, recomenda-se aproveitar a oportunidade da Campanha de Vacina\u00e7\u00e3o contra a influenza para atualizar a situa\u00e7\u00e3o vacinal para a covid nos grupos eleg\u00edveis\u201d, refor\u00e7ou a coordenadora da Vigil\u00e2ncia Epidemiol\u00f3gica, Maria do Carmo Possidente.<\/p>\n\n\n<div class=\"wp-block-image\">\n<figure class=\"aligncenter size-large is-resized\"><img loading=\"lazy\" decoding=\"async\" src=\"https:\/\/tvtecjundiai.com.br\/news\/wp-content\/uploads\/sites\/2\/2023\/04\/vacinacao_covid_influenza_ubs-hortolandia-80-1280x854-1-1200x801.jpg\" alt=\"\" class=\"wp-image-107583\" width=\"759\" height=\"506\" srcset=\"https:\/\/tvtecjundiai.com.br\/news\/wp-content\/uploads\/sites\/2\/2023\/04\/vacinacao_covid_influenza_ubs-hortolandia-80-1280x854-1-1200x801.jpg 1200w, https:\/\/tvtecjundiai.com.br\/news\/wp-content\/uploads\/sites\/2\/2023\/04\/vacinacao_covid_influenza_ubs-hortolandia-80-1280x854-1-300x200.jpg 300w, https:\/\/tvtecjundiai.com.br\/news\/wp-content\/uploads\/sites\/2\/2023\/04\/vacinacao_covid_influenza_ubs-hortolandia-80-1280x854-1-768x512.jpg 768w, https:\/\/tvtecjundiai.com.br\/news\/wp-content\/uploads\/sites\/2\/2023\/04\/vacinacao_covid_influenza_ubs-hortolandia-80-1280x854-1.jpg 1280w\" sizes=\"auto, (max-width: 759px) 100vw, 759px\" \/><\/figure>\n<\/div>\n\n\n<p>O objetivo da vacina\u00e7\u00e3o \u00e9 reduzir as complica\u00e7\u00f5es, as interna\u00e7\u00f5es e a mortalidade decorrentes das infec\u00e7\u00f5es pelo v\u00edrus da influenza, no p\u00fablico-alvo para a vacina\u00e7\u00e3o.<\/p>\n\n\n\n<p>\u201cA meta \u00e9 vacinar, pelo menos, 90% de cada um dos grupos priorit\u00e1rios contra a influenza: crian\u00e7as, gestantes, pu\u00e9rperas, pessoas com mais 60 anos de idade, povos ind\u00edgenas, professores e trabalhadores da sa\u00fade\u201d, lembra a coordenadora da Vigil\u00e2ncia.<\/p>\n\n\n\n<p><strong><em>(Fonte\/Imagem: Prefeitura de Jundia\u00ed)<\/em><\/strong><\/p>\n","protected":false},"excerpt":{"rendered":"<p>Idosos a partir de 60 anos poder\u00e3o tomar a vacina contra a gripe na semana que vem<\/p>\n","protected":false},"author":30,"featured_media":107583,"comment_status":"closed","ping_status":"0","sticky":false,"template":"","format":"standard","meta":{"footnotes":""},"categories":[8356,1,2839,8355],"tags":[],"class_list":["post-107580","post","type-post","status-publish","format-standard","has-post-thumbnail","hentry","category-jundiai","category-noticias","category-saude","category-saude-3"],"_links":{"self":[{"href":"https:\/\/tvtecjundiai.com.br\/news\/wp-json\/wp\/v2\/posts\/107580","targetHints":{"allow":["GET"]}}],"collection":[{"href":"https:\/\/tvtecjundiai.com.br\/news\/wp-json\/wp\/v2\/posts"}],"about":[{"href":"https:\/\/tvtecjundiai.com.br\/news\/wp-json\/wp\/v2\/types\/post"}],"author":[{"embeddable":true,"href":"https:\/\/tvtecjundiai.com.br\/news\/wp-json\/wp\/v2\/users\/30"}],"replies":[{"embeddable":true,"href":"https:\/\/tvtecjundiai.com.br\/news\/wp-json\/wp\/v2\/comments?post=107580"}],"version-history":[{"count":1,"href":"https:\/\/tvtecjundiai.com.br\/news\/wp-json\/wp\/v2\/posts\/107580\/revisions"}],"predecessor-version":[{"id":107586,"href":"https:\/\/tvtecjundiai.com.br\/news\/wp-json\/wp\/v2\/posts\/107580\/revisions\/107586"}],"wp:featuredmedia":[{"embeddable":true,"href":"https:\/\/tvtecjundiai.com.br\/news\/wp-json\/wp\/v2\/media\/107583"}],"wp:attachment":[{"href":"https:\/\/tvtecjundiai.com.br\/news\/wp-json\/wp\/v2\/media?parent=107580"}],"wp:term":[{"taxonomy":"category","embeddable":true,"href":"https:\/\/tvtecjundiai.com.br\/news\/wp-json\/wp\/v2\/categories?post=107580"},{"taxonomy":"post_tag","embeddable":true,"href":"https:\/\/tvtecjundiai.com.br\/news\/wp-json\/wp\/v2\/tags?post=107580"}],"curies":[{"name":"wp","href":"https:\/\/api.w.org\/{rel}","templated":true}]}}