{"id":107582,"date":"2023-04-05T14:27:25","date_gmt":"2023-04-05T17:27:25","guid":{"rendered":"https:\/\/tvtecjundiai.com.br\/news\/?p=107582"},"modified":"2023-04-05T14:27:29","modified_gmt":"2023-04-05T17:27:29","slug":"medicos-do-conjunto-hospitalar-de-sorocaba-visitam-o-hospital-sao-vicente","status":"publish","type":"post","link":"https:\/\/tvtecjundiai.com.br\/news\/2023\/04\/05\/medicos-do-conjunto-hospitalar-de-sorocaba-visitam-o-hospital-sao-vicente\/","title":{"rendered":"M\u00e9dicos do Conjunto Hospitalar de Sorocaba visitam o Hospital S\u00e3o Vicente"},"content":{"rendered":"\n<p>Nesta quarta-feira (5), o Hospital de Caridade S\u00e3o Vicente de Paulo (HSV) recebeu a visita dos m\u00e9dicos Bruno Toldo, Rodrigo Lisboa e M\u00e1rio Alberto Santana Filho, que integram a equipe do Conjunto Hospitalar de Sorocaba (CHS). Recepcionados pelo diretor cl\u00ednico do HSV, Frederico Michelino de Oliveira e pelo m\u00e9dico neurologista Allan Zimmermann, o grupo veio conhecer a nova estrutura da UTI III, destinada a pacientes neurol\u00f3gicos.<\/p>\n\n\n\n<p>Na ocasi\u00e3o, os m\u00e9dicos tiveram a oportunidade de visitar a unidade e conferir toda a tecnologia empregada, a qualidade dos leitos e distribui\u00e7\u00e3o do espa\u00e7o, que comporta 12 leitos. Tamb\u00e9m conheceram as obras de melhorias do projeto \u201cAcolha um Quarto, Conforte Vidas\u201d, que est\u00e1 revitalizando os 71 quartos do hospital e o modelo de gest\u00e3o atual. \u201c\u00c9 muito valioso fazer este interc\u00e2mbio e ver como o S\u00e3o Vicente tem evolu\u00eddo, com certeza um aprendizado para n\u00f3s\u201d, disse Lisboa.<\/p>\n\n\n<div class=\"wp-block-image\">\n<figure class=\"aligncenter size-large is-resized\"><img loading=\"lazy\" decoding=\"async\" src=\"https:\/\/tvtecjundiai.com.br\/news\/wp-content\/uploads\/sites\/2\/2023\/04\/Medicos-do-hospital-de-Sorocaba-sao-recepcionados-pelo-Dr.-Allan-Zimmermann-e-pelo-Dr.-Frederico-Michelino-no-HSV-edited-1200x900.jpg\" alt=\"\" class=\"wp-image-107585\" width=\"644\" height=\"483\" srcset=\"https:\/\/tvtecjundiai.com.br\/news\/wp-content\/uploads\/sites\/2\/2023\/04\/Medicos-do-hospital-de-Sorocaba-sao-recepcionados-pelo-Dr.-Allan-Zimmermann-e-pelo-Dr.-Frederico-Michelino-no-HSV-edited-1200x900.jpg 1200w, https:\/\/tvtecjundiai.com.br\/news\/wp-content\/uploads\/sites\/2\/2023\/04\/Medicos-do-hospital-de-Sorocaba-sao-recepcionados-pelo-Dr.-Allan-Zimmermann-e-pelo-Dr.-Frederico-Michelino-no-HSV-edited-300x225.jpg 300w, https:\/\/tvtecjundiai.com.br\/news\/wp-content\/uploads\/sites\/2\/2023\/04\/Medicos-do-hospital-de-Sorocaba-sao-recepcionados-pelo-Dr.-Allan-Zimmermann-e-pelo-Dr.-Frederico-Michelino-no-HSV-edited-768x576.jpg 768w, https:\/\/tvtecjundiai.com.br\/news\/wp-content\/uploads\/sites\/2\/2023\/04\/Medicos-do-hospital-de-Sorocaba-sao-recepcionados-pelo-Dr.-Allan-Zimmermann-e-pelo-Dr.-Frederico-Michelino-no-HSV-edited.jpg 1280w\" sizes=\"auto, (max-width: 644px) 100vw, 644px\" \/><\/figure>\n<\/div>\n\n\n<p><\/p>\n\n\n\n<p><em><strong>(Fonte\/Imagem: Assessoria Hospital S\u00e3o Vicente)<\/strong><\/em><\/p>\n","protected":false},"excerpt":{"rendered":"<p>Grupo conheceu projetos em andamento e melhorias feitas na institui\u00e7\u00e3o<\/p>\n","protected":false},"author":30,"featured_media":107585,"comment_status":"closed","ping_status":"0","sticky":false,"template":"","format":"standard","meta":{"footnotes":""},"categories":[8356,1,2839,8355],"tags":[],"class_list":["post-107582","post","type-post","status-publish","format-standard","has-post-thumbnail","hentry","category-jundiai","category-noticias","category-saude","category-saude-3"],"_links":{"self":[{"href":"https:\/\/tvtecjundiai.com.br\/news\/wp-json\/wp\/v2\/posts\/107582","targetHints":{"allow":["GET"]}}],"collection":[{"href":"https:\/\/tvtecjundiai.com.br\/news\/wp-json\/wp\/v2\/posts"}],"about":[{"href":"https:\/\/tvtecjundiai.com.br\/news\/wp-json\/wp\/v2\/types\/post"}],"author":[{"embeddable":true,"href":"https:\/\/tvtecjundiai.com.br\/news\/wp-json\/wp\/v2\/users\/30"}],"replies":[{"embeddable":true,"href":"https:\/\/tvtecjundiai.com.br\/news\/wp-json\/wp\/v2\/comments?post=107582"}],"version-history":[{"count":1,"href":"https:\/\/tvtecjundiai.com.br\/news\/wp-json\/wp\/v2\/posts\/107582\/revisions"}],"predecessor-version":[{"id":107587,"href":"https:\/\/tvtecjundiai.com.br\/news\/wp-json\/wp\/v2\/posts\/107582\/revisions\/107587"}],"wp:featuredmedia":[{"embeddable":true,"href":"https:\/\/tvtecjundiai.com.br\/news\/wp-json\/wp\/v2\/media\/107585"}],"wp:attachment":[{"href":"https:\/\/tvtecjundiai.com.br\/news\/wp-json\/wp\/v2\/media?parent=107582"}],"wp:term":[{"taxonomy":"category","embeddable":true,"href":"https:\/\/tvtecjundiai.com.br\/news\/wp-json\/wp\/v2\/categories?post=107582"},{"taxonomy":"post_tag","embeddable":true,"href":"https:\/\/tvtecjundiai.com.br\/news\/wp-json\/wp\/v2\/tags?post=107582"}],"curies":[{"name":"wp","href":"https:\/\/api.w.org\/{rel}","templated":true}]}}